{"id":4287,"date":"2016-09-28T13:53:57","date_gmt":"2016-09-28T11:53:57","guid":{"rendered":"https:\/\/monitoring.patlevic.sk\/?p=4287"},"modified":"2023-01-26T13:54:19","modified_gmt":"2023-01-26T12:54:19","slug":"po-doskach-2016","status":"publish","type":"post","link":"https:\/\/monitoring.patlevic.sk\/?p=4287","title":{"rendered":"Po Dosk\u00e1ch 2016"},"content":{"rendered":"<p><em>Uverej\u0148ujeme list Zuzany Uli\u010dianskej, garantky cien Dosky, ktor\u00fd vznikol kr\u00e1tko po ich 21. ro\u010dn\u00edku.<\/em><\/p>\n<p>&nbsp;<\/p>\n<p>Mil\u00e9 kolegyne a kolegovia,<\/p>\n<p>dovo\u013ete mi, aby som V\u00e1m po\u010fakovala za spolupr\u00e1cu na ankete DOSKY 2016, ktorej najv\u00e4\u010d\u0161\u00edm v\u00ed\u0165azstvom bolo to, \u017ee sa tohto roku v\u00f4bec uskuto\u010dnila.<\/p>\n<p>Po ozn\u00e1men\u00ed v\u00fdsledkov rozhodovania komisi\u00ed Fondu na podporu umenia ako aj grantov\u00e9ho syst\u00e9mu Bratislavsk\u00e9ho samospr\u00e1vneho kraja, v kombin\u00e1cii s odst\u00fapen\u00ed dvoch na\u0161ich komer\u010dn\u00fdch sponzorov, som mala dlho pocit, \u017ee jedin\u00fdm profesion\u00e1lnym rie\u0161en\u00edm by bolo pr\u00edpravu priameho telev\u00edzneho prenosu z ceremoni\u00e1lu za dan\u00fdch finan\u010dn\u00fdch podmienok vzda\u0165.<\/p>\n<p>Ak u m\u0148a nakoniec prev\u00e1\u017eila zodpovednos\u0165 za udr\u017eanie trad\u00edcie, bolo mi vopred jasn\u00e9, \u017ee nikto nebude pri sp\u00e4tnom hodnoten\u00ed tohto ro\u010dn\u00edka prihliada\u0165 na &#8222;okolnosti&#8220;.<\/p>\n<p>To, \u017ee prostriedky z FpU st\u00e1le nie s\u00fa na na\u0161om \u00fa\u010dte je len mali\u010dkos\u0165ou v porovnan\u00ed s faktom, \u017ee udelen\u00fd grant nezoh\u013eadnil ani len z\u00e1kladn\u00e9 n\u00e1klady na podujatie podobn\u00e9ho charakteru. Rada pod\u00e1m kedyko\u013evek komuko\u013evek bli\u017e\u0161ie inform\u00e1cie o cene pren\u00e1jmov divadiel \u010di o n\u00e1kladoch na v\u00fdrobu profesion\u00e1lnych telev\u00edznych spotov.<\/p>\n<p>Tohtoro\u010dn\u00fd ceremoni\u00e1l bol z poh\u013eadu telev\u00edzie na hranici vysielate\u013enosti, aby som doslovne citovala jeden \u00a0koment\u00e1r &#8211; bez sc\u00e9ny, bez re\u017eis\u00e9ra, bez efektov, bez filmov\u00fdch dokr\u00fatok, bez samostatn\u00fdch moder\u00e1torov len s jedn\u00fdm hudobn\u00fdm hos\u0165om. Nakoniec ho ale sledovalo 30 tis\u00edc div\u00e1kov.<\/p>\n<p>Bolo to, samozrejme, menej ako vlani, kedy si ho v priamom prenose pozrelo vy\u0161e 41 tis\u00edc, ale aj tak to z poh\u013eadu divadla nie je zanedbate\u013en\u00e9 \u010d\u00edslo. T\u00fato inform\u00e1ciu nijako neprece\u0148ujem, pripom\u00ednam ju len pre t\u00fdch, ktor\u00ed bud\u00fa niekedy v bud\u00facnosti o osude Dosiek rozhodova\u0165. Ide toti\u017e aj (\u010di predov\u0161etk\u00fdm) o populariz\u00e1ciu divadla ako tak\u00e9ho.<\/p>\n<p>O to, \u017ee sme v\u00f4bec mohli nie\u010do rozd\u00e1va\u0165, sa zasl\u00fa\u017eili predov\u0161etk\u00fdm kolegovia, ktor\u00ed v ankete so v\u0161etk\u00fdmi pochybnos\u0165ami vo\u010di podobn\u00fdm s\u00fa\u0165a\u017eiam, ktor\u00e9 sama zdie\u013eam, zahlasovali.<\/p>\n<p>V\u010faka patr\u00ed aj v\u0161etk\u00fdm t\u00fdm, ktor\u00ed Dosk\u00e1m akoko\u013evek pomohli vo viere,\u00a0\u017ee m\u00e1 zmyslel pok\u00fa\u0161a\u0165 sa o pr\u00edjemn\u00e9 priate\u013esk\u00e9 podujatie, na ktorom by sa stretli divadeln\u00edci z cel\u00e9ho Slovenska. Bolo n\u00e1m ve\u013emi \u013e\u00fato, \u017ee sme si na tento ro\u010dn\u00edk mohli dovoli\u0165 pozva\u0165 prakticky len nominovan\u00fdch a ich host\u00ed.<\/p>\n<p>V\u00e1\u017eim si vedenie SND, ktor\u00e9 sa pok\u00fa\u0161alo n\u00e1m aj v tejto ne\u013eahkej situ\u00e1cii vyjs\u0165 v \u00fastrety. Neviem \u00a0ako sa m\u00e1m po\u010fakova\u0165 \u00a0mana\u017e\u00e9rkam Lenke Gorfolovej a Adi Bal\u00e1zsovej, ktor\u00e9 spolu so mnou vlani takmer uverili, \u017ee sa pri pr\u00edprave ceremoni\u00e1lu u\u017e budeme pos\u00fava\u0165 len smerom k profesionalite.<\/p>\n<p>\u017dia\u013e, za dan\u00fdch finan\u010dn\u00fdch r\u00e1mcov sa tento rok op\u00e4\u0165 v\u0161etko robilo na kolene, popri in\u00fdch na\u0161ich povinnostiach, a teda aj s chybami a omylmi a ned\u00f4slednos\u0165ami, za ktor\u00e9 sa v\u0161etk\u00fdm dotknut\u00fdm ospravedl\u0148ujeme.<\/p>\n<p>Okrem vidite\u013en\u00fdch \u00fa\u010dinkuj\u00faci sa na tomto ceremoni\u00e1li podie\u013ealo viacero \u010fal\u0161\u00edch \u013eud\u00ed. Nechcem opakova\u0165 \u010fakovn\u00fa &#8222;excellovsk\u00fa&#8220; re\u010d Viliama Klim\u00e1\u010dka z ceremoni\u00e1lu, ale aj Ceny DOSKY v\u010fa\u010dia Margar\u00e9te Klim\u00e1\u010dkovej za v\u0161eli\u010do, a nielen za tabu\u013eky.<\/p>\n<p>Po\u010fakovanie patr\u00ed nesporne Du\u0161anovi Nevinovi, ktor\u00fd zabezpe\u010dil na recepciu to najlep\u0161ie v\u00edno z firmy Terra Wylak a plno \u010fal\u0161\u00edch v\u00fdborn\u00fdch vec\u00ed, nehovoriac u\u017e o Tom\u00e1\u0161ovi Lupt\u00e1kovi, ktor\u00fd u\u017e dve desa\u0165ro\u010dia pripravuje pre n\u00e1s to najd\u00f4le\u017eitej\u0161ie &#8211; samotn\u00e9 DOSKY.<\/p>\n<p>Dovo\u013ete mi zvl\u00e1\u0161\u0165 vyzdvihn\u00fa\u0165 kolegyne z v\u00fdboru AICT, ktor\u00e9 ve\u013ekou mierou prispeli k \u00faspe\u0161n\u00e9mu odovzdaniu ceny pre pani Michaelu Jurovsk\u00fa, hoci aj v r\u00e1mci tejto organiz\u00e1cie tento rok bojujeme s nulov\u00fdmi prostriedkami pridelen\u00fdmi na na\u0161e dlhodob\u00e9 projekty.<\/p>\n<p>O to v\u00e4\u010d\u0161ia \u00facta patr\u00ed talentovanej a milej sc\u00e9nografke Mark\u00e9te Plachej, ktor\u00e1 pre n\u00e1s aj v tejto situ\u00e1ciu cenu SC AICT vyrobila.<\/p>\n<p>Na z\u00e1ver u\u017e len p\u00e1n inform\u00e1ci\u00ed: hodnotenia kritikov si pozrite na na\u0161ej str\u00e1nke\u00a0<a href=\"http:\/\/www.cenydosky.sk\/\" target=\"_blank\" rel=\"noopener\">www.cenydosky.sk<\/a>\u00a0v sekcii Anketa. Z\u00e1znam z ceremoni\u00e1lu je pr\u00edstupn\u00fd v arch\u00edve RTVS, fotky na na\u0161om facebooku.<\/p>\n<p>Nasleduj\u00face mesiace sa budem sna\u017ei\u0165 z\u00edska\u0165 pre Dosky \u010fal\u0161\u00edch partnerov a podporovate\u013eov, navrhn\u00fa\u0165 mo\u017enosti aj pre lep\u0161ie uplatnenie tane\u010dn\u00fdch a opern\u00fdch produkci\u00ed.<\/p>\n<p>Ni\u010d sa v\u0161ak nebude m\u00f4c\u0165 uskuto\u010dni\u0165 bez v\u00e1s, bez va\u0161ej podpory a pomoci. Dosky s\u00fa odrazom celej na\u0161ej divadelnej komunity &#8211; jej \u00a0odbornosti, jej ve\u013ekorysosti, ale aj v\u0161eli\u010doho in\u00e9ho, s \u010d\u00edm sa v r\u00e1mci nej, \u017eia\u013e, stret\u00e1vame.<\/p>\n<p>S \u00factou a vierou<\/p>\n<p>Zuzana Uli\u010dianska<br \/>\ngarantka DOSKY<\/p>\n","protected":false},"excerpt":{"rendered":"<p>Uverej\u0148ujeme list Zuzany Uli\u010dianskej, garantky cien Dosky, ktor\u00fd vznikol kr\u00e1tko [&hellip;]<\/p>\n","protected":false},"author":233,"featured_media":0,"comment_status":"open","ping_status":"open","sticky":false,"template":"","format":"standard","meta":{"footnotes":"","_links_to":"","_links_to_target":""},"categories":[108],"tags":[],"class_list":["post-4287","post","type-post","status-publish","format-standard","hentry","category-aktuality"],"_links":{"self":[{"href":"https:\/\/monitoring.patlevic.sk\/index.php?rest_route=\/wp\/v2\/posts\/4287","targetHints":{"allow":["GET"]}}],"collection":[{"href":"https:\/\/monitoring.patlevic.sk\/index.php?rest_route=\/wp\/v2\/posts"}],"about":[{"href":"https:\/\/monitoring.patlevic.sk\/index.php?rest_route=\/wp\/v2\/types\/post"}],"author":[{"embeddable":true,"href":"https:\/\/monitoring.patlevic.sk\/index.php?rest_route=\/wp\/v2\/users\/233"}],"replies":[{"embeddable":true,"href":"https:\/\/monitoring.patlevic.sk\/index.php?rest_route=%2Fwp%2Fv2%2Fcomments&post=4287"}],"version-history":[{"count":1,"href":"https:\/\/monitoring.patlevic.sk\/index.php?rest_route=\/wp\/v2\/posts\/4287\/revisions"}],"predecessor-version":[{"id":4288,"href":"https:\/\/monitoring.patlevic.sk\/index.php?rest_route=\/wp\/v2\/posts\/4287\/revisions\/4288"}],"wp:attachment":[{"href":"https:\/\/monitoring.patlevic.sk\/index.php?rest_route=%2Fwp%2Fv2%2Fmedia&parent=4287"}],"wp:term":[{"taxonomy":"category","embeddable":true,"href":"https:\/\/monitoring.patlevic.sk\/index.php?rest_route=%2Fwp%2Fv2%2Fcategories&post=4287"},{"taxonomy":"post_tag","embeddable":true,"href":"https:\/\/monitoring.patlevic.sk\/index.php?rest_route=%2Fwp%2Fv2%2Ftags&post=4287"}],"curies":[{"name":"wp","href":"https:\/\/api.w.org\/{rel}","templated":true}]}}