{"id":4281,"date":"2018-12-13T13:50:34","date_gmt":"2018-12-13T12:50:34","guid":{"rendered":"https:\/\/monitoring.patlevic.sk\/?p=4281"},"modified":"2023-01-27T08:36:59","modified_gmt":"2023-01-27T07:36:59","slug":"buduci-svetovy-kongres-aict-iatc-sa-bude-konat-na-slovensku","status":"publish","type":"post","link":"https:\/\/monitoring.patlevic.sk\/?p=4281","title":{"rendered":"Bud\u00faci svetov\u00fd kongres AICT\/IATC sa bude kona\u0165 na Slovensku"},"content":{"rendered":"<div class=\"fusion-fullwidth fullwidth-box fusion-builder-row-1 fusion-flex-container nonhundred-percent-fullwidth non-hundred-percent-height-scrolling\" style=\"background-color: rgba(255,255,255,0);background-position: center center;background-repeat: no-repeat;border-width: 0px 0px 0px 0px;border-color:#e2e2e2;border-style:solid;\" ><div class=\"fusion-builder-row fusion-row fusion-flex-align-items-flex-start\" style=\"max-width:1248px;margin-left: calc(-4% \/ 2 );margin-right: calc(-4% \/ 2 );\"><div class=\"fusion-layout-column fusion_builder_column fusion-builder-column-0 fusion_builder_column_1_1 1_1 fusion-flex-column\"><div class=\"fusion-column-wrapper fusion-flex-justify-content-flex-start fusion-content-layout-column\" style=\"background-position:left top;background-repeat:no-repeat;-webkit-background-size:cover;-moz-background-size:cover;-o-background-size:cover;background-size:cover;padding: 0px 0px 0px 0px;\"><div class=\"fusion-text fusion-text-1\"><div class=\"news-text-wrap\">\n<p><strong>Bud\u00faci svetov\u00fd kongres AICT\/IATC sa bude kona\u0165 na Slovensku<\/strong><\/p>\n<p><strong>29. svetov\u00fd kongres Medzin\u00e1rodn\u00e9ho zdru\u017eenia divadeln\u00fdch kritikov IACT\/AITC<\/strong><\/p>\n<p><strong>priniesol pozit\u00edvne spr\u00e1vy ale aj v\u00fdzvy pre slovensk\u00fa sekciu.<\/strong><\/p>\n<p>Vrcholn\u00e9 podujatie svetov\u00fdch divadeln\u00fdch kritikov sa uskuto\u010dnilo v\u00a0spolupr\u00e1ci s Eur\u00f3pskou\u00a0 cenou za divadlo (Premio Europa per il Teatro), ktor\u00e1 prebiehala v\u00a0Petrohrade od 13. do 17. novembra 2018.<\/p>\n<p>29. kongres AICT\/IATC \u00a0pon\u00fakol\u00a0 \u010dlenom asoci\u00e1cie ale aj\u00a0ostatn\u00fdm hos\u0165om ETP bohat\u00fd program. Hne\u010f v\u00a0prv\u00fd de\u0148 sa v\u00a0petrohradskom Dome ak\u0165ora im. K. S. Stanislavskogo konala konferencia na aktu\u00e1lnu t\u00e9mu\u00a0<em>Performing Arts: Freedom and\/(in)Tolerance<\/em>\u00a0(\u201ePerformat\u00edvne umenia: Sloboda a\/(in)Tolerancia). V\u00a0r\u00e1mci nej pred medzin\u00e1rodn\u00fdm publikom vyst\u00fapila Zuzana Uli\u010dianska, divadeln\u00e1 kriti\u010dka a predsedn\u00ed\u010dka Slovensk\u00e9ho centra AICT, s\u00a0pr\u00edspevkom\u00a0<em>Minulos\u0165 je pred nami<\/em>.<\/p>\n<p>Po podnetnej konferencii sa konalo sl\u00e1vnostn\u00e9 odovzdanie v\u00a0porad\u00ed u\u017e siedmej ceny Thalia, ktor\u00fa doteraz z\u00edskali ve\u013ek\u00e9 divadeln\u00e9 osobnosti ako Eric Bentley, Eugenio Barba \u010di Richard Schechner. Cenu v\u00a0podobe elegantn\u00e9ho \u017eezla navrhnut\u00e9ho rumunsk\u00fdm sc\u00e9nografom Drago\u015fom Buhagiarom, ktor\u00fa poskytla Ludmila Patlanjogluov\u00e1, \u010destn\u00e1 prezidentka Rumunskej sekcie IATC, v\u00a0Petrohrade z\u00edskal popredn\u00fd medzin\u00e1rodne p\u00f4sobiaci nemeck\u00fd divadeln\u00fd expert, profesor Hans-Thies Lehmann, ako uznanie rozsahu, d\u00f4le\u017eitosti a h\u013abky jeho v\u00fdskumu a n\u00e1zorov na s\u00fa\u010dasn\u00e9 divadlo. Ako zd\u00f4raznila vo svojom prejave prezidentka v\u00fdkonn\u00e9ho v\u00fdboru AICT Margareta S\u00f6rensonov\u00e1, Lehmannova tvorba ovplyvnila divadeln\u00fd svet a\u00a0najm\u00e4 s\u00fa\u010dasn\u00fa divadeln\u00fa kritiku. O\u00a0jeho vplyve na indick\u00e9 divadlo hovorila \u010dlenka v\u00fdboru Deepa Punjaniov\u00e1, o\u00a0recepcii jeho diela v\u00a0africk\u00fdch krajin\u00e1ch zas Emmanuel Samu Dandaura z\u00a0Nig\u00e9rie, Aj \u010fal\u0161\u00ed \u010dlen v\u00fdboru Peng Tao zd\u00f4raznil Lehmannov pr\u00ednos pre rozvoj nez\u00e1vislej divadelnej sc\u00e9ny v\u00a0\u010c\u00edne. Lehmann pri preberan\u00ed ceny vyjadril svoju v\u010fa\u010dnos\u0165 IATC\/AICT a zd\u00f4raznil hlbok\u00fd v\u00fdznam kritiky pre divadlo ako umeleck\u00fa formu. Pr\u00edtomnos\u0165 autora k\u013e\u00fa\u010dovej teatrologickej publik\u00e1cie Postdramatick\u00e9 divadlo z roku 1999 prelo\u017eenej do mnoh\u00fdch svetov\u00fdch jazykov vyvolala v s\u00e1le \u017eiv\u00fa diskusiu.<\/p>\n<p>Podstatnou s\u00fa\u010das\u0165ou kongresu bolo valn\u00e9 zhroma\u017edenie, konaj\u00face sa 15. novembra. Do\u0161lo na \u0148om k\u00a0vo\u013ebe nov\u00fdch \u010dlenov v\u00fdkonn\u00e9ho v\u00fdboru ExCom (Executive Committee). Na poste prezidentky v\u00fdkonn\u00e9ho v\u00fdboru AICT bola op\u00e4tovne potvrden\u00e1 Margareta S\u00f6rensonov\u00e1 (\u0160v\u00e9dsko) a gener\u00e1lnym tajomn\u00edkom zostal taktie\u017e na\u010falej Michel Va\u00efs (Kanada). \u010eal\u0161\u00edmi zvolen\u00fdmi \u010dlenmi boli Peng Tao\u00a0(\u010c\u00edna), Jean-Pierre Han (Franc\u00fazsko),\u00a0<strong>Irina Gogoberidz\u00e9ov\u00e1<\/strong>\u00a0(Georgia),\u00a0<strong>Deepa Punjaniov\u00e1\u00a0<\/strong>(India),\u00a0<strong>Mariko Anazawaov\u00e1<\/strong>\u00a0(Japonsko),\u00a0<strong>Emmanuel Samu Dandaura<\/strong>\u00a0(Nig\u00e9ria),\u00a0<strong>Ivan Medenica<\/strong>\u00a0(Srbsko),\u00a0<strong>Ragip Ertugrul<\/strong>\u00a0(Turecko), Jeffrey Eric Jenkins (USA) a\u00a0Zuzana Uli\u010dianska (Slovensko). Slovensk\u00fd z\u00e1stupca bude pracova\u0165 vo v\u00fdkonnom v\u00fdbore po prv\u00fd raz.<\/p>\n<p>V\u00a0r\u00e1mci kongresu sa konalo aj zasadanie edi\u010dnej rady internetov\u00e9ho \u010dasopisu \u00a0<em>Critical Stages\/Sc\u00e8nes critiques\u00a0<\/em>(<a href=\"http:\/\/critical-stages.org\/\" target=\"_blank\" rel=\"noopener\">critical-stages.org<\/a>), medzi \u010dlenmi sa diskutovalo aj o potrebe zv\u00fd\u0161enia aktivity n\u00e1rodn\u00fdch sekci\u00ed pri pr\u00edprave \u010dl\u00e1nkov a\u00a0pri propag\u00e1cii \u010dasopisu, ako aj promovania \u010dinnosti zdru\u017eenia na soci\u00e1lnych sie\u0165ach. Najbli\u017e\u0161ie \u010d\u00edsla \u010dasopisu bud\u00fa venovan\u00e9 identite Williama Shakespeara a s\u00fa\u010dasn\u00e9mu\u00a0b\u00e1bkov\u00e9mu divadlu.<\/p>\n<p>D\u00f4le\u017eit\u00fdm v\u00fdsledkom valn\u00e9ho zhroma\u017edenia pre Slovensk\u00fa sekciu AICT bolo aj potvrdenie rozhodnutia v\u00fdkonn\u00e9ho v\u00fdboru, \u017ee bud\u00faci 30. kongres sa uskuto\u010dn\u00ed na Slovensku, a to v\u00a0prvej polovici m\u00e1ja po\u010das festivalu Nov\u00e1 dr\u00e1ma\/New D rama v\u00a0Bratislave. Na \u00faspe\u0161nej kandidat\u00fare Slovenska sa ve\u013ekou mierou podie\u013eal aj Divadeln\u00fd \u00fastav, predov\u0161etk\u00fdm\u00a0t\u00edm zapojen\u00fd do pr\u00edprav Roku slovensk\u00e9ho divadla, celoslovenskej akcie, konanie ktorej potvrdila Vl\u00e1da SR na svojom novembrovom zasadnut\u00ed. Organiz\u00e1cia vrcholnej akcie medzin\u00e1rodnej komunity kritikov bude pre Slovensk\u00e9 centrum AICT a pre cel\u00e9 slovensk\u00e9 divadlo ve\u013ekou poctou ale aj v\u00fdzvou.<\/p>\n<p>Zuzana Uli\u010dianska<\/p>\n<p>Zuzana Spodniakov\u00e1<\/p>\n<p>Fotografie poskytla press slu\u017eba Eur\u00f3pskej ceny za divadlo (Premio Europa per il Teatro) 2018<\/p>\n\n\t\t<style>\n\t\t\t#gallery-1 {\n\t\t\t\tmargin: auto;\n\t\t\t}\n\t\t\t#gallery-1 .gallery-item {\n\t\t\t\tfloat: left;\n\t\t\t\tmargin-top: 10px;\n\t\t\t\ttext-align: center;\n\t\t\t\twidth: 50%;\n\t\t\t}\n\t\t\t#gallery-1 img {\n\t\t\t\tborder: 2px solid #cfcfcf;\n\t\t\t}\n\t\t\t#gallery-1 .gallery-caption {\n\t\t\t\tmargin-left: 0;\n\t\t\t}\n\t\t\t\/* see gallery_shortcode() in wp-includes\/media.php *\/\n\t\t<\/style>\n\t\t<div id='gallery-1' class='gallery galleryid-4281 gallery-columns-2 gallery-size-full'><dl class='gallery-item'>\n\t\t\t<dt class='gallery-icon landscape'>\n\t\t\t\t<a data-rel=\"iLightbox[postimages]\" data-title=\"1. Konferencia Svetov\u00e9ho kongresu SC AICT. Autor fotografie Franco Bonfiglio.\" data-caption=\"\" href='https:\/\/monitoring.patlevic.sk\/wp-content\/uploads\/2018\/12\/csm_1_ph-Franco_Bonfiglio_mg_7944_98d134af44.jpg'><img decoding=\"async\" width=\"555\" height=\"370\" src=\"https:\/\/monitoring.patlevic.sk\/wp-content\/uploads\/2018\/12\/csm_1_ph-Franco_Bonfiglio_mg_7944_98d134af44.jpg\" class=\"attachment-full size-full lazyload\" alt=\"\" srcset=\"data:image\/svg+xml,%3Csvg%20xmlns%3D%27http%3A%2F%2Fwww.w3.org%2F2000%2Fsvg%27%20width%3D%27555%27%20height%3D%27370%27%20viewBox%3D%270%200%20555%20370%27%3E%3Crect%20width%3D%27555%27%20height%3D%27370%27%20fill-opacity%3D%220%22%2F%3E%3C%2Fsvg%3E\" data-orig-src=\"https:\/\/monitoring.patlevic.sk\/wp-content\/uploads\/2018\/12\/csm_1_ph-Franco_Bonfiglio_mg_7944_98d134af44.jpg\" data-srcset=\"https:\/\/monitoring.patlevic.sk\/wp-content\/uploads\/2018\/12\/csm_1_ph-Franco_Bonfiglio_mg_7944_98d134af44-200x133.jpg 200w, https:\/\/monitoring.patlevic.sk\/wp-content\/uploads\/2018\/12\/csm_1_ph-Franco_Bonfiglio_mg_7944_98d134af44-300x200.jpg 300w, https:\/\/monitoring.patlevic.sk\/wp-content\/uploads\/2018\/12\/csm_1_ph-Franco_Bonfiglio_mg_7944_98d134af44-400x267.jpg 400w, https:\/\/monitoring.patlevic.sk\/wp-content\/uploads\/2018\/12\/csm_1_ph-Franco_Bonfiglio_mg_7944_98d134af44.jpg 555w\" data-sizes=\"auto\" \/><\/a>\n\t\t\t<\/dt><\/dl><dl class='gallery-item'>\n\t\t\t<dt class='gallery-icon landscape'>\n\t\t\t\t<a data-rel=\"iLightbox[postimages]\" data-title=\"2. Konferencia Svetov\u00e9ho kongresu SC AICT. Autor fotografie Franco Bonfiglio.\" data-caption=\"\" href='https:\/\/monitoring.patlevic.sk\/wp-content\/uploads\/2018\/12\/csm_2_ph-Franco_Bonfiglio_mg_7947_8ab1de8b0b.jpg'><img decoding=\"async\" width=\"555\" height=\"370\" src=\"https:\/\/monitoring.patlevic.sk\/wp-content\/uploads\/2018\/12\/csm_2_ph-Franco_Bonfiglio_mg_7947_8ab1de8b0b.jpg\" class=\"attachment-full size-full lazyload\" alt=\"\" srcset=\"data:image\/svg+xml,%3Csvg%20xmlns%3D%27http%3A%2F%2Fwww.w3.org%2F2000%2Fsvg%27%20width%3D%27555%27%20height%3D%27370%27%20viewBox%3D%270%200%20555%20370%27%3E%3Crect%20width%3D%27555%27%20height%3D%27370%27%20fill-opacity%3D%220%22%2F%3E%3C%2Fsvg%3E\" data-orig-src=\"https:\/\/monitoring.patlevic.sk\/wp-content\/uploads\/2018\/12\/csm_2_ph-Franco_Bonfiglio_mg_7947_8ab1de8b0b.jpg\" data-srcset=\"https:\/\/monitoring.patlevic.sk\/wp-content\/uploads\/2018\/12\/csm_2_ph-Franco_Bonfiglio_mg_7947_8ab1de8b0b-200x133.jpg 200w, https:\/\/monitoring.patlevic.sk\/wp-content\/uploads\/2018\/12\/csm_2_ph-Franco_Bonfiglio_mg_7947_8ab1de8b0b-300x200.jpg 300w, https:\/\/monitoring.patlevic.sk\/wp-content\/uploads\/2018\/12\/csm_2_ph-Franco_Bonfiglio_mg_7947_8ab1de8b0b-400x267.jpg 400w, https:\/\/monitoring.patlevic.sk\/wp-content\/uploads\/2018\/12\/csm_2_ph-Franco_Bonfiglio_mg_7947_8ab1de8b0b.jpg 555w\" data-sizes=\"auto\" \/><\/a>\n\t\t\t<\/dt><\/dl><br style=\"clear: both\" \/><dl class='gallery-item'>\n\t\t\t<dt class='gallery-icon landscape'>\n\t\t\t\t<a data-rel=\"iLightbox[postimages]\" data-title=\"3. Konferencia Svetov\u00e9ho kongresu SC AICT. Autor fotografie Franco Bonfiglio.\" data-caption=\"\" href='https:\/\/monitoring.patlevic.sk\/wp-content\/uploads\/2018\/12\/csm_3__mg_7520_ph__Franco_Bonfiglio_5e12497bde.jpg'><img decoding=\"async\" width=\"555\" height=\"370\" src=\"https:\/\/monitoring.patlevic.sk\/wp-content\/uploads\/2018\/12\/csm_3__mg_7520_ph__Franco_Bonfiglio_5e12497bde.jpg\" class=\"attachment-full size-full lazyload\" alt=\"\" srcset=\"data:image\/svg+xml,%3Csvg%20xmlns%3D%27http%3A%2F%2Fwww.w3.org%2F2000%2Fsvg%27%20width%3D%27555%27%20height%3D%27370%27%20viewBox%3D%270%200%20555%20370%27%3E%3Crect%20width%3D%27555%27%20height%3D%27370%27%20fill-opacity%3D%220%22%2F%3E%3C%2Fsvg%3E\" data-orig-src=\"https:\/\/monitoring.patlevic.sk\/wp-content\/uploads\/2018\/12\/csm_3__mg_7520_ph__Franco_Bonfiglio_5e12497bde.jpg\" data-srcset=\"https:\/\/monitoring.patlevic.sk\/wp-content\/uploads\/2018\/12\/csm_3__mg_7520_ph__Franco_Bonfiglio_5e12497bde-200x133.jpg 200w, https:\/\/monitoring.patlevic.sk\/wp-content\/uploads\/2018\/12\/csm_3__mg_7520_ph__Franco_Bonfiglio_5e12497bde-300x200.jpg 300w, https:\/\/monitoring.patlevic.sk\/wp-content\/uploads\/2018\/12\/csm_3__mg_7520_ph__Franco_Bonfiglio_5e12497bde-400x267.jpg 400w, https:\/\/monitoring.patlevic.sk\/wp-content\/uploads\/2018\/12\/csm_3__mg_7520_ph__Franco_Bonfiglio_5e12497bde.jpg 555w\" data-sizes=\"auto\" \/><\/a>\n\t\t\t<\/dt><\/dl><dl class='gallery-item'>\n\t\t\t<dt class='gallery-icon landscape'>\n\t\t\t\t<a data-rel=\"iLightbox[postimages]\" data-title=\"4. Konferencia Svetov\u00e9ho kongresu SC AICT. Autor fotografie Franco Bonfiglio.\" data-caption=\"\" href='https:\/\/monitoring.patlevic.sk\/wp-content\/uploads\/2018\/12\/csm_4_ph-Franco_Bonfiglio_mg_7869_8b0955b61e.jpg'><img decoding=\"async\" width=\"555\" height=\"371\" src=\"https:\/\/monitoring.patlevic.sk\/wp-content\/uploads\/2018\/12\/csm_4_ph-Franco_Bonfiglio_mg_7869_8b0955b61e.jpg\" class=\"attachment-full size-full lazyload\" alt=\"\" srcset=\"data:image\/svg+xml,%3Csvg%20xmlns%3D%27http%3A%2F%2Fwww.w3.org%2F2000%2Fsvg%27%20width%3D%27555%27%20height%3D%27371%27%20viewBox%3D%270%200%20555%20371%27%3E%3Crect%20width%3D%27555%27%20height%3D%27371%27%20fill-opacity%3D%220%22%2F%3E%3C%2Fsvg%3E\" data-orig-src=\"https:\/\/monitoring.patlevic.sk\/wp-content\/uploads\/2018\/12\/csm_4_ph-Franco_Bonfiglio_mg_7869_8b0955b61e.jpg\" data-srcset=\"https:\/\/monitoring.patlevic.sk\/wp-content\/uploads\/2018\/12\/csm_4_ph-Franco_Bonfiglio_mg_7869_8b0955b61e-200x134.jpg 200w, https:\/\/monitoring.patlevic.sk\/wp-content\/uploads\/2018\/12\/csm_4_ph-Franco_Bonfiglio_mg_7869_8b0955b61e-300x201.jpg 300w, https:\/\/monitoring.patlevic.sk\/wp-content\/uploads\/2018\/12\/csm_4_ph-Franco_Bonfiglio_mg_7869_8b0955b61e-400x267.jpg 400w, https:\/\/monitoring.patlevic.sk\/wp-content\/uploads\/2018\/12\/csm_4_ph-Franco_Bonfiglio_mg_7869_8b0955b61e.jpg 555w\" data-sizes=\"auto\" \/><\/a>\n\t\t\t<\/dt><\/dl><br style=\"clear: both\" \/><dl class='gallery-item'>\n\t\t\t<dt class='gallery-icon landscape'>\n\t\t\t\t<a data-rel=\"iLightbox[postimages]\" data-title=\"5. Konferencia Svetov\u00e9ho kongresu SC AICT. Autor fotografie Franco Bonfiglio.\" data-caption=\"\" href='https:\/\/monitoring.patlevic.sk\/wp-content\/uploads\/2018\/12\/csm_5_ph-Franco_Bonfiglio_mg_7915_429f913fa0.jpg'><img decoding=\"async\" width=\"555\" height=\"371\" src=\"https:\/\/monitoring.patlevic.sk\/wp-content\/uploads\/2018\/12\/csm_5_ph-Franco_Bonfiglio_mg_7915_429f913fa0.jpg\" class=\"attachment-full size-full lazyload\" alt=\"\" srcset=\"data:image\/svg+xml,%3Csvg%20xmlns%3D%27http%3A%2F%2Fwww.w3.org%2F2000%2Fsvg%27%20width%3D%27555%27%20height%3D%27371%27%20viewBox%3D%270%200%20555%20371%27%3E%3Crect%20width%3D%27555%27%20height%3D%27371%27%20fill-opacity%3D%220%22%2F%3E%3C%2Fsvg%3E\" data-orig-src=\"https:\/\/monitoring.patlevic.sk\/wp-content\/uploads\/2018\/12\/csm_5_ph-Franco_Bonfiglio_mg_7915_429f913fa0.jpg\" data-srcset=\"https:\/\/monitoring.patlevic.sk\/wp-content\/uploads\/2018\/12\/csm_5_ph-Franco_Bonfiglio_mg_7915_429f913fa0-200x134.jpg 200w, https:\/\/monitoring.patlevic.sk\/wp-content\/uploads\/2018\/12\/csm_5_ph-Franco_Bonfiglio_mg_7915_429f913fa0-300x201.jpg 300w, https:\/\/monitoring.patlevic.sk\/wp-content\/uploads\/2018\/12\/csm_5_ph-Franco_Bonfiglio_mg_7915_429f913fa0-400x267.jpg 400w, https:\/\/monitoring.patlevic.sk\/wp-content\/uploads\/2018\/12\/csm_5_ph-Franco_Bonfiglio_mg_7915_429f913fa0.jpg 555w\" data-sizes=\"auto\" \/><\/a>\n\t\t\t<\/dt><\/dl><dl class='gallery-item'>\n\t\t\t<dt class='gallery-icon landscape'>\n\t\t\t\t<a data-rel=\"iLightbox[postimages]\" data-title=\"6. Konferencia Svetov\u00e9ho kongresu SC AICT. Autor fotografie Franco Bonfiglio.\" data-caption=\"\" href='https:\/\/monitoring.patlevic.sk\/wp-content\/uploads\/2018\/12\/csm_6_ph-Franco_Bonfiglio_mg_7918_a427d98938.jpg'><img decoding=\"async\" width=\"555\" height=\"370\" src=\"https:\/\/monitoring.patlevic.sk\/wp-content\/uploads\/2018\/12\/csm_6_ph-Franco_Bonfiglio_mg_7918_a427d98938.jpg\" class=\"attachment-full size-full lazyload\" alt=\"\" srcset=\"data:image\/svg+xml,%3Csvg%20xmlns%3D%27http%3A%2F%2Fwww.w3.org%2F2000%2Fsvg%27%20width%3D%27555%27%20height%3D%27370%27%20viewBox%3D%270%200%20555%20370%27%3E%3Crect%20width%3D%27555%27%20height%3D%27370%27%20fill-opacity%3D%220%22%2F%3E%3C%2Fsvg%3E\" data-orig-src=\"https:\/\/monitoring.patlevic.sk\/wp-content\/uploads\/2018\/12\/csm_6_ph-Franco_Bonfiglio_mg_7918_a427d98938.jpg\" data-srcset=\"https:\/\/monitoring.patlevic.sk\/wp-content\/uploads\/2018\/12\/csm_6_ph-Franco_Bonfiglio_mg_7918_a427d98938-200x133.jpg 200w, https:\/\/monitoring.patlevic.sk\/wp-content\/uploads\/2018\/12\/csm_6_ph-Franco_Bonfiglio_mg_7918_a427d98938-300x200.jpg 300w, https:\/\/monitoring.patlevic.sk\/wp-content\/uploads\/2018\/12\/csm_6_ph-Franco_Bonfiglio_mg_7918_a427d98938-400x267.jpg 400w, https:\/\/monitoring.patlevic.sk\/wp-content\/uploads\/2018\/12\/csm_6_ph-Franco_Bonfiglio_mg_7918_a427d98938.jpg 555w\" data-sizes=\"auto\" \/><\/a>\n\t\t\t<\/dt><\/dl><br style=\"clear: both\" \/><dl class='gallery-item'>\n\t\t\t<dt class='gallery-icon landscape'>\n\t\t\t\t<a data-rel=\"iLightbox[postimages]\" data-title=\"7. Ude\u013eovanie ceny Thalia. Autor fotografie Franco Bonfiglio.\" data-caption=\"\" href='https:\/\/monitoring.patlevic.sk\/wp-content\/uploads\/2018\/12\/csm_7_ph-Franco_Bonfiglio_mg_7996_bcfb36b2fd.jpg'><img decoding=\"async\" width=\"555\" height=\"370\" src=\"https:\/\/monitoring.patlevic.sk\/wp-content\/uploads\/2018\/12\/csm_7_ph-Franco_Bonfiglio_mg_7996_bcfb36b2fd.jpg\" class=\"attachment-full size-full lazyload\" alt=\"\" srcset=\"data:image\/svg+xml,%3Csvg%20xmlns%3D%27http%3A%2F%2Fwww.w3.org%2F2000%2Fsvg%27%20width%3D%27555%27%20height%3D%27370%27%20viewBox%3D%270%200%20555%20370%27%3E%3Crect%20width%3D%27555%27%20height%3D%27370%27%20fill-opacity%3D%220%22%2F%3E%3C%2Fsvg%3E\" data-orig-src=\"https:\/\/monitoring.patlevic.sk\/wp-content\/uploads\/2018\/12\/csm_7_ph-Franco_Bonfiglio_mg_7996_bcfb36b2fd.jpg\" data-srcset=\"https:\/\/monitoring.patlevic.sk\/wp-content\/uploads\/2018\/12\/csm_7_ph-Franco_Bonfiglio_mg_7996_bcfb36b2fd-200x133.jpg 200w, https:\/\/monitoring.patlevic.sk\/wp-content\/uploads\/2018\/12\/csm_7_ph-Franco_Bonfiglio_mg_7996_bcfb36b2fd-300x200.jpg 300w, https:\/\/monitoring.patlevic.sk\/wp-content\/uploads\/2018\/12\/csm_7_ph-Franco_Bonfiglio_mg_7996_bcfb36b2fd-400x267.jpg 400w, https:\/\/monitoring.patlevic.sk\/wp-content\/uploads\/2018\/12\/csm_7_ph-Franco_Bonfiglio_mg_7996_bcfb36b2fd.jpg 555w\" data-sizes=\"auto\" \/><\/a>\n\t\t\t<\/dt><\/dl><dl class='gallery-item'>\n\t\t\t<dt class='gallery-icon landscape'>\n\t\t\t\t<a data-rel=\"iLightbox[postimages]\" data-title=\"8. Ude\u013eovanie ceny Thalia. Autor fotografie Franco Bonfiglio.\" data-caption=\"\" href='https:\/\/monitoring.patlevic.sk\/wp-content\/uploads\/2018\/12\/csm_8_ph-Franco_Bonfiglio_mg_7981_b5068c66ca.jpg'><img decoding=\"async\" width=\"555\" height=\"370\" src=\"https:\/\/monitoring.patlevic.sk\/wp-content\/uploads\/2018\/12\/csm_8_ph-Franco_Bonfiglio_mg_7981_b5068c66ca.jpg\" class=\"attachment-full size-full lazyload\" alt=\"\" srcset=\"data:image\/svg+xml,%3Csvg%20xmlns%3D%27http%3A%2F%2Fwww.w3.org%2F2000%2Fsvg%27%20width%3D%27555%27%20height%3D%27370%27%20viewBox%3D%270%200%20555%20370%27%3E%3Crect%20width%3D%27555%27%20height%3D%27370%27%20fill-opacity%3D%220%22%2F%3E%3C%2Fsvg%3E\" data-orig-src=\"https:\/\/monitoring.patlevic.sk\/wp-content\/uploads\/2018\/12\/csm_8_ph-Franco_Bonfiglio_mg_7981_b5068c66ca.jpg\" data-srcset=\"https:\/\/monitoring.patlevic.sk\/wp-content\/uploads\/2018\/12\/csm_8_ph-Franco_Bonfiglio_mg_7981_b5068c66ca-200x133.jpg 200w, https:\/\/monitoring.patlevic.sk\/wp-content\/uploads\/2018\/12\/csm_8_ph-Franco_Bonfiglio_mg_7981_b5068c66ca-300x200.jpg 300w, https:\/\/monitoring.patlevic.sk\/wp-content\/uploads\/2018\/12\/csm_8_ph-Franco_Bonfiglio_mg_7981_b5068c66ca-400x267.jpg 400w, https:\/\/monitoring.patlevic.sk\/wp-content\/uploads\/2018\/12\/csm_8_ph-Franco_Bonfiglio_mg_7981_b5068c66ca.jpg 555w\" data-sizes=\"auto\" \/><\/a>\n\t\t\t<\/dt><\/dl><br style=\"clear: both\" \/><dl class='gallery-item'>\n\t\t\t<dt class='gallery-icon landscape'>\n\t\t\t\t<a data-rel=\"iLightbox[postimages]\" data-title=\"9. Ude\u013eovanie ceny Thalia. Autor fotografie Franco Bonfiglio.\" data-caption=\"\" href='https:\/\/monitoring.patlevic.sk\/wp-content\/uploads\/2018\/12\/csm_9_ph-Franco_Bonfiglio_mg_8043_5e0557a00c.jpg'><img decoding=\"async\" width=\"555\" height=\"370\" src=\"https:\/\/monitoring.patlevic.sk\/wp-content\/uploads\/2018\/12\/csm_9_ph-Franco_Bonfiglio_mg_8043_5e0557a00c.jpg\" class=\"attachment-full size-full lazyload\" alt=\"\" srcset=\"data:image\/svg+xml,%3Csvg%20xmlns%3D%27http%3A%2F%2Fwww.w3.org%2F2000%2Fsvg%27%20width%3D%27555%27%20height%3D%27370%27%20viewBox%3D%270%200%20555%20370%27%3E%3Crect%20width%3D%27555%27%20height%3D%27370%27%20fill-opacity%3D%220%22%2F%3E%3C%2Fsvg%3E\" data-orig-src=\"https:\/\/monitoring.patlevic.sk\/wp-content\/uploads\/2018\/12\/csm_9_ph-Franco_Bonfiglio_mg_8043_5e0557a00c.jpg\" data-srcset=\"https:\/\/monitoring.patlevic.sk\/wp-content\/uploads\/2018\/12\/csm_9_ph-Franco_Bonfiglio_mg_8043_5e0557a00c-200x133.jpg 200w, https:\/\/monitoring.patlevic.sk\/wp-content\/uploads\/2018\/12\/csm_9_ph-Franco_Bonfiglio_mg_8043_5e0557a00c-300x200.jpg 300w, https:\/\/monitoring.patlevic.sk\/wp-content\/uploads\/2018\/12\/csm_9_ph-Franco_Bonfiglio_mg_8043_5e0557a00c-400x267.jpg 400w, https:\/\/monitoring.patlevic.sk\/wp-content\/uploads\/2018\/12\/csm_9_ph-Franco_Bonfiglio_mg_8043_5e0557a00c.jpg 555w\" data-sizes=\"auto\" \/><\/a>\n\t\t\t<\/dt><\/dl><dl class='gallery-item'>\n\t\t\t<dt class='gallery-icon landscape'>\n\t\t\t\t<a data-rel=\"iLightbox[postimages]\" data-title=\"10. Ude\u013eovanie ceny Thalia. Autor fotografie Franco Bonfiglio.\" data-caption=\"\" href='https:\/\/monitoring.patlevic.sk\/wp-content\/uploads\/2018\/12\/csm_10_ph-Franco_Bonfiglio_mg_8052_6ae19d7469.jpg'><img decoding=\"async\" width=\"555\" height=\"370\" src=\"https:\/\/monitoring.patlevic.sk\/wp-content\/uploads\/2018\/12\/csm_10_ph-Franco_Bonfiglio_mg_8052_6ae19d7469.jpg\" class=\"attachment-full size-full lazyload\" alt=\"\" srcset=\"data:image\/svg+xml,%3Csvg%20xmlns%3D%27http%3A%2F%2Fwww.w3.org%2F2000%2Fsvg%27%20width%3D%27555%27%20height%3D%27370%27%20viewBox%3D%270%200%20555%20370%27%3E%3Crect%20width%3D%27555%27%20height%3D%27370%27%20fill-opacity%3D%220%22%2F%3E%3C%2Fsvg%3E\" data-orig-src=\"https:\/\/monitoring.patlevic.sk\/wp-content\/uploads\/2018\/12\/csm_10_ph-Franco_Bonfiglio_mg_8052_6ae19d7469.jpg\" data-srcset=\"https:\/\/monitoring.patlevic.sk\/wp-content\/uploads\/2018\/12\/csm_10_ph-Franco_Bonfiglio_mg_8052_6ae19d7469-200x133.jpg 200w, https:\/\/monitoring.patlevic.sk\/wp-content\/uploads\/2018\/12\/csm_10_ph-Franco_Bonfiglio_mg_8052_6ae19d7469-300x200.jpg 300w, https:\/\/monitoring.patlevic.sk\/wp-content\/uploads\/2018\/12\/csm_10_ph-Franco_Bonfiglio_mg_8052_6ae19d7469-400x267.jpg 400w, https:\/\/monitoring.patlevic.sk\/wp-content\/uploads\/2018\/12\/csm_10_ph-Franco_Bonfiglio_mg_8052_6ae19d7469.jpg 555w\" data-sizes=\"auto\" \/><\/a>\n\t\t\t<\/dt><\/dl><br style=\"clear: both\" \/>\n\t\t<\/div>\n<\/div>\n<\/div><\/div><style type=\"text\/css\">.fusion-body .fusion-builder-column-0{width:100% !important;margin-top : 0px;margin-bottom : 0px;}.fusion-builder-column-0 > .fusion-column-wrapper {padding-top : 0px !important;padding-right : 0px !important;margin-right : 1.92%;padding-bottom : 0px !important;padding-left : 0px !important;margin-left : 1.92%;}@media only screen and (max-width:1024px) {.fusion-body .fusion-builder-column-0{width:100% !important;}.fusion-builder-column-0 > .fusion-column-wrapper {margin-right : 1.92%;margin-left : 1.92%;}}@media only screen and (max-width:640px) {.fusion-body .fusion-builder-column-0{width:100% !important;}.fusion-builder-column-0 > .fusion-column-wrapper {margin-right : 1.92%;margin-left : 1.92%;}}<\/style><\/div><\/div><style type=\"text\/css\">.fusion-body .fusion-flex-container.fusion-builder-row-1{ padding-top : 0px;margin-top : 0px;padding-right : 0px;padding-bottom : 0px;margin-bottom : 0px;padding-left : 0px;}<\/style><\/div>\n","protected":false},"excerpt":{"rendered":"","protected":false},"author":233,"featured_media":0,"comment_status":"open","ping_status":"open","sticky":false,"template":"","format":"standard","meta":{"footnotes":"","_links_to":"","_links_to_target":""},"categories":[108],"tags":[],"class_list":["post-4281","post","type-post","status-publish","format-standard","hentry","category-aktuality"],"_links":{"self":[{"href":"https:\/\/monitoring.patlevic.sk\/index.php?rest_route=\/wp\/v2\/posts\/4281","targetHints":{"allow":["GET"]}}],"collection":[{"href":"https:\/\/monitoring.patlevic.sk\/index.php?rest_route=\/wp\/v2\/posts"}],"about":[{"href":"https:\/\/monitoring.patlevic.sk\/index.php?rest_route=\/wp\/v2\/types\/post"}],"author":[{"embeddable":true,"href":"https:\/\/monitoring.patlevic.sk\/index.php?rest_route=\/wp\/v2\/users\/233"}],"replies":[{"embeddable":true,"href":"https:\/\/monitoring.patlevic.sk\/index.php?rest_route=%2Fwp%2Fv2%2Fcomments&post=4281"}],"version-history":[{"count":3,"href":"https:\/\/monitoring.patlevic.sk\/index.php?rest_route=\/wp\/v2\/posts\/4281\/revisions"}],"predecessor-version":[{"id":4406,"href":"https:\/\/monitoring.patlevic.sk\/index.php?rest_route=\/wp\/v2\/posts\/4281\/revisions\/4406"}],"wp:attachment":[{"href":"https:\/\/monitoring.patlevic.sk\/index.php?rest_route=%2Fwp%2Fv2%2Fmedia&parent=4281"}],"wp:term":[{"taxonomy":"category","embeddable":true,"href":"https:\/\/monitoring.patlevic.sk\/index.php?rest_route=%2Fwp%2Fv2%2Fcategories&post=4281"},{"taxonomy":"post_tag","embeddable":true,"href":"https:\/\/monitoring.patlevic.sk\/index.php?rest_route=%2Fwp%2Fv2%2Ftags&post=4281"}],"curies":[{"name":"wp","href":"https:\/\/api.w.org\/{rel}","templated":true}]}}