{"id":4278,"date":"2020-03-18T13:48:37","date_gmt":"2020-03-18T12:48:37","guid":{"rendered":"https:\/\/monitoring.patlevic.sk\/?p=4278"},"modified":"2023-01-26T13:49:04","modified_gmt":"2023-01-26T12:49:04","slug":"30-svetovy-kongres-medzinarodnej-asociacie-divadelnych-kritikov-iatc-aict-v-bratislave-zmena-datumu-konania","status":"publish","type":"post","link":"https:\/\/monitoring.patlevic.sk\/?p=4278","title":{"rendered":"30. svetov\u00fd kongres Medzin\u00e1rodnej asoci\u00e1cie divadeln\u00fdch kritikov IATC\/AICT v Bratislave &#8211; zmena d\u00e1tumu konania"},"content":{"rendered":"<p>V\u00a0spolupr\u00e1ci s\u00a0v\u00fdkonn\u00fdm v\u00fdborom EXCOM Medzin\u00e1rodnej asoci\u00e1cie divadeln\u00fdch kritikov bolo v\u00a0r\u00e1mci opatren\u00ed na zamedzenie \u0161\u00edrenia koronav\u00edrusu prijat\u00e9 rozhodnutie, \u017ee 30. svetov\u00fd kongres IATC\/ AICT, ktor\u00fd sa mal kona\u0165 v\u00a0m\u00e1ji v\u00a0Bratislave, vr\u00e1tane konferencie Recykl\u00e1cia v\u00a0performat\u00edvnych umeniach: od kreativity ku komercializ\u00e1cii, p\u00f4vodne pl\u00e1novanej na 14. m\u00e1ja 2020, s\u00fa nateraz presunut\u00e9 na jesenn\u00fd term\u00edn, o\u00a0ktorom budeme v\u010das informova\u0165.<\/p>\n<p>&nbsp;<\/p>\n<p>V\u00a0tejto chv\u00edli vyslovujeme po\u010fakovanie doteraj\u0161\u00edm podporovate\u013eom konferencie a\u00a0kongresu \u2013 hlavn\u00e9mu partnerovi\u00a0<strong>Fondu na podporu umenia<\/strong>, ktor\u00fd akciu pl\u00e1noval podpori\u0165 z\u00a0verejn\u00fdch zdrojov a<strong>\u00a0LITA, autorskej spolo\u010dnosti<\/strong>. Ver\u00edme, \u017ee ich d\u00f4veru nesklameme aj napriek s\u0165a\u017eenej medzin\u00e1rodnej aj dom\u00e1cej situ\u00e1cii.<\/p>\n<p>Za v\u00fdbor Slovensk\u00e9ho centra Medzin\u00e1rodnej asoci\u00e1cie divadeln\u00fdch kritikov (SC AICT)<\/p>\n<p>&nbsp;<\/p>\n<p>Zuzana Uli\u010dianska, predsedn\u00ed\u010dka<br \/>\nMichaela Moj\u017ei\u0161ov\u00e1, podpredsedn\u00ed\u010dka<\/p>\n","protected":false},"excerpt":{"rendered":"<p>V\u00a0spolupr\u00e1ci s\u00a0v\u00fdkonn\u00fdm v\u00fdborom EXCOM Medzin\u00e1rodnej asoci\u00e1cie divadeln\u00fdch kritikov bolo v\u00a0r\u00e1mci [&hellip;]<\/p>\n","protected":false},"author":233,"featured_media":0,"comment_status":"open","ping_status":"open","sticky":false,"template":"","format":"standard","meta":{"footnotes":"","_links_to":"","_links_to_target":""},"categories":[108],"tags":[],"class_list":["post-4278","post","type-post","status-publish","format-standard","hentry","category-aktuality"],"_links":{"self":[{"href":"https:\/\/monitoring.patlevic.sk\/index.php?rest_route=\/wp\/v2\/posts\/4278","targetHints":{"allow":["GET"]}}],"collection":[{"href":"https:\/\/monitoring.patlevic.sk\/index.php?rest_route=\/wp\/v2\/posts"}],"about":[{"href":"https:\/\/monitoring.patlevic.sk\/index.php?rest_route=\/wp\/v2\/types\/post"}],"author":[{"embeddable":true,"href":"https:\/\/monitoring.patlevic.sk\/index.php?rest_route=\/wp\/v2\/users\/233"}],"replies":[{"embeddable":true,"href":"https:\/\/monitoring.patlevic.sk\/index.php?rest_route=%2Fwp%2Fv2%2Fcomments&post=4278"}],"version-history":[{"count":1,"href":"https:\/\/monitoring.patlevic.sk\/index.php?rest_route=\/wp\/v2\/posts\/4278\/revisions"}],"predecessor-version":[{"id":4279,"href":"https:\/\/monitoring.patlevic.sk\/index.php?rest_route=\/wp\/v2\/posts\/4278\/revisions\/4279"}],"wp:attachment":[{"href":"https:\/\/monitoring.patlevic.sk\/index.php?rest_route=%2Fwp%2Fv2%2Fmedia&parent=4278"}],"wp:term":[{"taxonomy":"category","embeddable":true,"href":"https:\/\/monitoring.patlevic.sk\/index.php?rest_route=%2Fwp%2Fv2%2Fcategories&post=4278"},{"taxonomy":"post_tag","embeddable":true,"href":"https:\/\/monitoring.patlevic.sk\/index.php?rest_route=%2Fwp%2Fv2%2Ftags&post=4278"}],"curies":[{"name":"wp","href":"https:\/\/api.w.org\/{rel}","templated":true}]}}