{"id":4270,"date":"2020-12-02T13:43:50","date_gmt":"2020-12-02T12:43:50","guid":{"rendered":"https:\/\/monitoring.patlevic.sk\/?p=4270"},"modified":"2023-01-27T08:10:34","modified_gmt":"2023-01-27T07:10:34","slug":"elene-blahovej-martisovej-bude-v-spolupraci-so-snd-v-piatok-4-decembra-2020-odovzdana-cena-slovenskeho-centra-aict-za-mimoriadny-prinos-v-oblasti-divadla","status":"publish","type":"post","link":"https:\/\/monitoring.patlevic.sk\/?p=4270","title":{"rendered":"ELENE BLAHOVEJ-MARTI\u0160OVEJ bude v spolupr\u00e1ci so SND v piatok 4. decembra 2020 odovzdan\u00e1 Cena Slovensk\u00e9ho centra AICT za mimoriadny pr\u00ednos v oblasti divadla"},"content":{"rendered":"<div class=\"fusion-fullwidth fullwidth-box fusion-builder-row-1 fusion-flex-container nonhundred-percent-fullwidth non-hundred-percent-height-scrolling\" style=\"background-color: rgba(255,255,255,0);background-position: center center;background-repeat: no-repeat;border-width: 0px 0px 0px 0px;border-color:#e2e2e2;border-style:solid;\" ><div class=\"fusion-builder-row fusion-row fusion-flex-align-items-flex-start\" style=\"max-width:1248px;margin-left: calc(-4% \/ 2 );margin-right: calc(-4% \/ 2 );\"><div class=\"fusion-layout-column fusion_builder_column fusion-builder-column-0 fusion_builder_column_1_1 1_1 fusion-flex-column\"><div class=\"fusion-column-wrapper fusion-flex-justify-content-flex-start fusion-content-layout-column\" style=\"background-position:left top;background-repeat:no-repeat;-webkit-background-size:cover;-moz-background-size:cover;-o-background-size:cover;background-size:cover;padding: 0px 0px 0px 0px;\"><div class=\"fusion-text fusion-text-1\"><div class=\"news-text-wrap\">\n<p><strong>Divadelnej dokumentaristke a\u00a0publicistke<\/strong>\u00a0<strong>Elene Blahovej-Marti\u0161ovej<\/strong>\u00a0bude\u00a0<strong>v\u00a0piatok 4. decembra<\/strong>\u00a0sl\u00e1vnostne odovzdan\u00e1\u00a0<strong>Cena Slovensk\u00e9ho centra AICT.\u00a0<\/strong>Ceremoni\u00e1l sa uskuto\u010dn\u00ed\u00a0<strong>v\u00a0Prezidentskom sal\u00f3niku historickej budovy<\/strong>\u00a0<strong>Slovensk\u00e9ho n\u00e1rodn\u00e9ho divadla\u00a0<\/strong>od<strong>\u00a018.00 hod<\/strong>. a\u00a0bude spojen\u00fd s umeleck\u00fdm programom a\u00a0rozhovorom s\u00a0laure\u00e1tkou. Moder\u00e1torkou podujatia bude z\u00e1stupky\u0148a v\u00fdboru SC AICT\u00a0<strong>Michaela Moj\u017ei\u0161ov\u00e1<\/strong>. Program je organizovan\u00fd v\u00a0spolupr\u00e1ci so\u00a0<strong>Slovensk\u00fdm n\u00e1rodn\u00fdm divadlom<\/strong>, hudobn\u00fdmi hos\u0165ami ve\u010dera bud\u00fa\u00a0<strong>Monika Fabianov\u00e1, J\u00e1n \u010eur\u010do\u00a0<\/strong>a\u00a0<strong>Branko Ladi\u010d<\/strong>. Autorom ceny je\u00a0<strong>Martin Petrakovi\u010d<\/strong>,\u00a0zbroj\u00e1r z\u00a0kost\u00fdmovej v\u00fdroby\u00a0<strong>Umeleck\u00fdch a\u00a0dekora\u010dn\u00fdch dieln\u00ed SND<\/strong>.\u00a0Z\u00e1znam z\u00a0podujatia bude spr\u00edstupnen\u00fd na\u00a0<a href=\"http:\/\/www.operaslovakia.sk\/\" target=\"_blank\" rel=\"noopener\">www.operaslovakia.sk<\/a>\u00a0a\u00a0<a href=\"http:\/\/www.snd.sk\/\" target=\"_blank\" rel=\"noopener\">www.snd.sk<\/a>.<\/p>\n<p><strong>Slovensk\u00e9 centrum AICT<\/strong>\u00a0(Medzin\u00e1rodnej asoci\u00e1cie divadeln\u00fdch kritikov) ude\u013euje\u00a0<strong>Cenu za mimoriadny pr\u00ednos v\u00a0oblasti divadla<\/strong>\u00a0od roku 2015. Z\u00e1merom ocenenia je upozorni\u0165 na t\u00fdch, ktor\u00ed svoju nenahradite\u013en\u00fa pr\u00e1cu pre slovensk\u00e9 divadlo odv\u00e1dzaj\u00fa mimo svetiel r\u00e1mp a bez\u00a0potlesku div\u00e1kov.\u00a0<strong>V\u00a0roku 2020 sa v\u00fdbor SC AICT rozhodol oceni\u0165\u00a0<\/strong>v zmysle \u0161tat\u00fatu tejto ceny a\u017e dvoch laure\u00e1tov, s prihliadnut\u00edm na v\u00fdnimo\u010dnos\u0165\u00a0<em>Roku slovensk\u00e9ho divadla 2020<\/em>.<\/p>\n<p><strong>ELENE BLAHOVEJ-MARTI\u0160OVEJ<\/strong>\u00a0bola cena navrhnut\u00e1 za ne\u00fanavn\u00fd z\u00e1kladn\u00fd teatrologick\u00fd v\u00fdskum a nedocenite\u013en\u00fa historiograficko-dokumentaristick\u00fa \u010dinnos\u0165 v\u00a0oblasti divadla, z\u00a0ktorej v\u00fdsledkov \u010derpaj\u00fa cel\u00e9 gener\u00e1cie divadeln\u00edkov, odborn\u00fdch pracovn\u00edkov a\u00a0kult\u00farnych publicistov.<\/p>\n<p>Druh\u00e9mu laure\u00e1tovi,<strong>\u00a0KAROLOVI HOR\u00c1KOVI,<\/strong>\u00a0bola cena udelen\u00e1 za\u00a0dlhoro\u010dn\u00fa pedagogick\u00fa pr\u00e1cu sp\u00e4t\u00fa\u00a0s divadelnou tvorbou\u00a0\u00a0 v \u0160tudentskom divadle Pre\u0161ovskej univerzity a\u00a0divadelnou pr\u00e1cou na Akademickom Pre\u0161ove, S\u00fa\u0165a\u017ei amat\u00e9rskej umeleckej tvorby vysoko\u0161kol\u00e1kov Slovenska, a v\u00a0neposlednom rade za podnetn\u00fa divadelnovedn\u00fa \u010dinnos\u0165, v\u00a0r\u00e1mci ktorej tento rok vych\u00e1dza \u0161iesty diel zborn\u00edka\u00a0<em>Kontexty alternat\u00edvneho divadla<\/em>\u00a0a\u00a0publik\u00e1ci<em>a\u00a0Hor\u00e1k &#8211; Pol\u00e1k (Hovory o divadle)<\/em>.<\/p>\n<p>P\u00e1nu Karolovi Hor\u00e1kovi bola cena odovzdan\u00e1\u00a0<strong>12. okt\u00f3bra 2020<\/strong>\u00a0v r\u00e1mci otv\u00e1racieho predstavenia\u00a0<strong>Akademick\u00e9ho Pre\u0161ova<\/strong>. T\u00fato cenu vytvoril v\u00fdtvarn\u00edk a\u00a0v\u00fdtvarn\u00fd pedag\u00f3g\u00a0<strong>Slavom\u00edr Capek<\/strong>. Report\u00e1\u017ee z\u00a0odovzd\u00e1vania si m\u00f4\u017eete pozrie\u0165 na Facebooku a\u00a0na webovej str\u00e1nke SC AICT.<\/p>\n<p>Aj tento rok Cenu SC AICT podporila spolo\u010dnos\u0165\u00a0<strong>Gesamtkunstwerk<\/strong>, ktorej srde\u010dne \u010fakujeme za podporu aktivity, ktor\u00e1 ka\u017edoro\u010dne zvidite\u013e\u0148uje osobnosti divadelnej\u00a0kritiky, te\u00f3rie, hist\u00f3rie, prekladu, pedagogiky \u010di mana\u017ementu.<\/p>\n<p><strong>Mgr. Elena Blahov\u00e1-Marti\u0161ov\u00e1 (1943, Bratislava)<\/strong><\/p>\n<p><strong>Divadeln\u00e1 dokumentaristka a publicistka<\/strong><\/p>\n<p>Po ukon\u010den\u00ed \u0161t\u00fadia na Filozofickej fakulte Univerzity Komensk\u00e9ho v\u00a0Bratislave nast\u00fapila do oddelenia dokument\u00e1cie Slovensk\u00e9ho n\u00e1rodn\u00e9ho divadla. S\u00a0prvou n\u00e1rodnou sc\u00e9nou spojila cel\u00fd profesion\u00e1lny \u017eivot (1968 \u2013 2007). S ve\u013ek\u00fdm preh\u013eadom, intenz\u00edvnym osobn\u00fdm vz\u0165ahom a profesion\u00e1lnym pr\u00edstupom trpezlivo budovala a systemizovala dokumenta\u010dn\u00e9 z\u00e1klady arch\u00edvu SND. Popri tom na vysokej odbornej \u00farovni pripravovala a sprac\u00favala \u010diastkov\u00e9 v\u00e4\u010d\u0161ie \u010di men\u0161ie materi\u00e1ly a podklady pre dramaturgie s\u00faborov divadla, novin\u00e1rov \u00a0a \u010fal\u0161iu odborn\u00fa verejnos\u0165.<\/p>\n<p>V roku 1996, pri pr\u00edle\u017eitosti 75. v\u00fdro\u010dia zalo\u017eenia SND, vy\u0161la z jej pera u\u017eito\u010dn\u00e1 publik\u00e1cia\u00a0<em>SND 1920 \u2013 1995<\/em>\u00a0s podtitulom\u00a0<em>Fakty-Osobnosti-Udalosti<\/em>, zah\u0155\u0148aj\u00faca popri faktoch z hist\u00f3rie SND aj abecedn\u00fd s\u00fapis v\u0161etk\u00fdch umeleck\u00fdch osobnost\u00ed, ktor\u00e9 v divadle od jeho za\u010diatkov p\u00f4sobili, preh\u013ead premi\u00e9r p\u00f4vodnej slovenskej tvorby, chronologick\u00fd preh\u013ead v\u0161etk\u00fdch zahrani\u010dn\u00fdch z\u00e1jazdov s\u00faborov SND a preh\u013ead najv\u00fdznamnej\u0161\u00edch zahrani\u010dn\u00fdch dirigentov, spev\u00e1kov a tane\u010dn\u00edkov, ktor\u00ed v SND \u00fa\u010dinkovali. Jej najv\u00fdznamnej\u0161ie, najrozsiahlej\u0161ie, \u0161ir\u0161ou odbornou verejnos\u0165ou bohato vyu\u017e\u00edvan\u00e9 teatrologick\u00e9 dielo vzniklo pri pr\u00edle\u017eitosti\u00a0 90. v\u00fdro\u010dia vzniku SND . Je n\u00edm\u00a0<em>S\u00fapis reperto\u00e1ru Slovensk\u00e9ho n\u00e1rodn\u00e9ho divadla 1920 \u2013 2010<\/em>, ktor\u00fd obsahuje nielen z\u00e1kladn\u00fd s\u00fapis jednotliv\u00fdch inscen\u00e1ci\u00ed s hlavn\u00fdmi tvorcami\u00a0 a person\u00e1lne zlo\u017eenie v\u0161etk\u00fdch s\u00faborov a kolekt\u00edvov p\u00f4sobiacich SND v\u00a0ka\u017edej z dev\u00e4\u0165desiatich sez\u00f3n, ale aj mno\u017estvo \u010fal\u0161\u00edch cenn\u00fdch inform\u00e1ci\u00ed, ktor\u00e9 boli dovtedy nezn\u00e1me, ne\u00fapln\u00e9, nepresn\u00e9 \u010di nedostupn\u00e9. Publik\u00e1cia je v\u00fdsledkom autorkinho systematick\u00e9ho a vytrval\u00e9ho z\u00e1kladn\u00e9ho v\u00fdskumu, v\u00a0ktorom sa opierala o origin\u00e1lne arch\u00edvne pramene, podrobn\u00e9 \u0161t\u00fadium dobovej tla\u010de a tie\u017e pr\u00edslu\u0161n\u00fa, najm\u00e4 memo\u00e1rov\u00fa literat\u00faru. Elena Blahov\u00e1-Marti\u0161ov\u00e1 ostala profesion\u00e1lne akt\u00edvnou aj po odchode do d\u00f4chodku. Ist\u00fd \u010das spolupracovala s\u00a0dokumenta\u010dn\u00fdm oddelen\u00edm Divadeln\u00e9ho \u00fastavu a\u00a0dnes svojimi cenn\u00fdmi historicko-dokumenta\u010dn\u00fdmi textami pravidelne prispieva do odborn\u00e9ho port\u00e1lu o\u00a0opere, klasickej hudbe a\u00a0balete Operaslovakia.sk.<\/p>\n<p><em>Pripravila: Michaela Moj\u017ei\u0161ov\u00e1.<\/em><\/p>\n<p><strong>Medi\u00e1lnym partnerom Ceny SC AICT je R\u00e1dio Dev\u00edn a Opera Slovakia.<\/strong><\/p>\n\n\t\t<style type=\"text\/css\">\n\t\t\t#gallery-1 {\n\t\t\t\tmargin: auto;\n\t\t\t}\n\t\t\t#gallery-1 .gallery-item {\n\t\t\t\tfloat: left;\n\t\t\t\tmargin-top: 10px;\n\t\t\t\ttext-align: center;\n\t\t\t\twidth: 100%;\n\t\t\t}\n\t\t\t#gallery-1 img {\n\t\t\t\tborder: 2px solid #cfcfcf;\n\t\t\t}\n\t\t\t#gallery-1 .gallery-caption {\n\t\t\t\tmargin-left: 0;\n\t\t\t}\n\t\t\t\/* see gallery_shortcode() in wp-includes\/media.php *\/\n\t\t<\/style>\n\t\t<div id='gallery-1' class='gallery galleryid-4270 gallery-columns-1 gallery-size-full'><dl class='gallery-item'>\n\t\t\t<dt class='gallery-icon landscape'>\n\t\t\t\t<a data-rel=\"iLightbox[postimages]\" data-title=\"Foto: \u013dudov\u00edt Vongrej\" data-caption=\"Foto: \u013dudov\u00edt Vongrej\n\" href='https:\/\/monitoring.patlevic.sk\/wp-content\/uploads\/2020\/12\/csm_elena_blahova_martisova-foto_ludovit_vongrej_opera_slovakia__1__b23eb013c4.jpg'><img decoding=\"async\" width=\"1140\" height=\"764\" src=\"https:\/\/monitoring.patlevic.sk\/wp-content\/uploads\/2020\/12\/csm_elena_blahova_martisova-foto_ludovit_vongrej_opera_slovakia__1__b23eb013c4.jpg\" class=\"attachment-full size-full lazyload\" alt=\"\" aria-describedby=\"gallery-1-4364\" srcset=\"data:image\/svg+xml,%3Csvg%20xmlns%3D%27http%3A%2F%2Fwww.w3.org%2F2000%2Fsvg%27%20width%3D%271140%27%20height%3D%27764%27%20viewBox%3D%270%200%201140%20764%27%3E%3Crect%20width%3D%271140%27%20height%3D%27764%27%20fill-opacity%3D%220%22%2F%3E%3C%2Fsvg%3E\" data-orig-src=\"https:\/\/monitoring.patlevic.sk\/wp-content\/uploads\/2020\/12\/csm_elena_blahova_martisova-foto_ludovit_vongrej_opera_slovakia__1__b23eb013c4.jpg\" data-srcset=\"https:\/\/monitoring.patlevic.sk\/wp-content\/uploads\/2020\/12\/csm_elena_blahova_martisova-foto_ludovit_vongrej_opera_slovakia__1__b23eb013c4-200x134.jpg 200w, https:\/\/monitoring.patlevic.sk\/wp-content\/uploads\/2020\/12\/csm_elena_blahova_martisova-foto_ludovit_vongrej_opera_slovakia__1__b23eb013c4-300x201.jpg 300w, https:\/\/monitoring.patlevic.sk\/wp-content\/uploads\/2020\/12\/csm_elena_blahova_martisova-foto_ludovit_vongrej_opera_slovakia__1__b23eb013c4-400x268.jpg 400w, https:\/\/monitoring.patlevic.sk\/wp-content\/uploads\/2020\/12\/csm_elena_blahova_martisova-foto_ludovit_vongrej_opera_slovakia__1__b23eb013c4-600x402.jpg 600w, https:\/\/monitoring.patlevic.sk\/wp-content\/uploads\/2020\/12\/csm_elena_blahova_martisova-foto_ludovit_vongrej_opera_slovakia__1__b23eb013c4-768x515.jpg 768w, https:\/\/monitoring.patlevic.sk\/wp-content\/uploads\/2020\/12\/csm_elena_blahova_martisova-foto_ludovit_vongrej_opera_slovakia__1__b23eb013c4-800x536.jpg 800w, https:\/\/monitoring.patlevic.sk\/wp-content\/uploads\/2020\/12\/csm_elena_blahova_martisova-foto_ludovit_vongrej_opera_slovakia__1__b23eb013c4-1024x686.jpg 1024w, https:\/\/monitoring.patlevic.sk\/wp-content\/uploads\/2020\/12\/csm_elena_blahova_martisova-foto_ludovit_vongrej_opera_slovakia__1__b23eb013c4.jpg 1140w\" data-sizes=\"auto\" \/><\/a>\n\t\t\t<\/dt>\n\t\t\t\t<dd class='wp-caption-text gallery-caption' id='gallery-1-4364'>\n\t\t\t\tFoto: \u013dudov\u00edt Vongrej\n\n\t\t\t\t<\/dd><\/dl><br style=\"clear: both\" \/>\n\t\t<\/div>\n<\/div>\n<\/div><\/div><style type=\"text\/css\">.fusion-body .fusion-builder-column-0{width:100% !important;margin-top : 0px;margin-bottom : 0px;}.fusion-builder-column-0 > .fusion-column-wrapper {padding-top : 0px !important;padding-right : 0px !important;margin-right : 1.92%;padding-bottom : 0px !important;padding-left : 0px !important;margin-left : 1.92%;}@media only screen and (max-width:1024px) {.fusion-body .fusion-builder-column-0{width:100% !important;}.fusion-builder-column-0 > .fusion-column-wrapper {margin-right : 1.92%;margin-left : 1.92%;}}@media only screen and (max-width:640px) {.fusion-body .fusion-builder-column-0{width:100% !important;}.fusion-builder-column-0 > .fusion-column-wrapper {margin-right : 1.92%;margin-left : 1.92%;}}<\/style><\/div><\/div><style type=\"text\/css\">.fusion-body .fusion-flex-container.fusion-builder-row-1{ padding-top : 0px;margin-top : 0px;padding-right : 0px;padding-bottom : 0px;margin-bottom : 0px;padding-left : 0px;}<\/style><\/div>\n","protected":false},"excerpt":{"rendered":"","protected":false},"author":233,"featured_media":0,"comment_status":"open","ping_status":"open","sticky":false,"template":"","format":"standard","meta":{"footnotes":"","_links_to":"","_links_to_target":""},"categories":[108],"tags":[],"class_list":["post-4270","post","type-post","status-publish","format-standard","hentry","category-aktuality"],"_links":{"self":[{"href":"https:\/\/monitoring.patlevic.sk\/index.php?rest_route=\/wp\/v2\/posts\/4270","targetHints":{"allow":["GET"]}}],"collection":[{"href":"https:\/\/monitoring.patlevic.sk\/index.php?rest_route=\/wp\/v2\/posts"}],"about":[{"href":"https:\/\/monitoring.patlevic.sk\/index.php?rest_route=\/wp\/v2\/types\/post"}],"author":[{"embeddable":true,"href":"https:\/\/monitoring.patlevic.sk\/index.php?rest_route=\/wp\/v2\/users\/233"}],"replies":[{"embeddable":true,"href":"https:\/\/monitoring.patlevic.sk\/index.php?rest_route=%2Fwp%2Fv2%2Fcomments&post=4270"}],"version-history":[{"count":3,"href":"https:\/\/monitoring.patlevic.sk\/index.php?rest_route=\/wp\/v2\/posts\/4270\/revisions"}],"predecessor-version":[{"id":4366,"href":"https:\/\/monitoring.patlevic.sk\/index.php?rest_route=\/wp\/v2\/posts\/4270\/revisions\/4366"}],"wp:attachment":[{"href":"https:\/\/monitoring.patlevic.sk\/index.php?rest_route=%2Fwp%2Fv2%2Fmedia&parent=4270"}],"wp:term":[{"taxonomy":"category","embeddable":true,"href":"https:\/\/monitoring.patlevic.sk\/index.php?rest_route=%2Fwp%2Fv2%2Fcategories&post=4270"},{"taxonomy":"post_tag","embeddable":true,"href":"https:\/\/monitoring.patlevic.sk\/index.php?rest_route=%2Fwp%2Fv2%2Ftags&post=4270"}],"curies":[{"name":"wp","href":"https:\/\/api.w.org\/{rel}","templated":true}]}}