{"id":4265,"date":"2021-10-01T13:40:59","date_gmt":"2021-10-01T11:40:59","guid":{"rendered":"https:\/\/monitoring.patlevic.sk\/?p=4265"},"modified":"2023-01-27T07:53:30","modified_gmt":"2023-01-27T06:53:30","slug":"darine-karovej-bude-v-spolupraci-so-medzinarodnym-festivalom-divadelna-nitra-v-pondelok-4-oktobra-2021-odovzdana-cena-slovenskeho-centra-aict-za-mimoriadny-prinos-v-oblasti-divadla","status":"publish","type":"post","link":"https:\/\/monitoring.patlevic.sk\/?p=4265","title":{"rendered":"DARINE K\u00c1ROVEJ bude v spolupr\u00e1ci so Medzin\u00e1rodn\u00fdm festivalom Divadeln\u00e1 Nitra v pondelok 4. okt\u00f3bra 2021 odovzdan\u00e1 Cena Slovensk\u00e9ho centra AICT za mimoriadny pr\u00ednos v oblasti divadla."},"content":{"rendered":"<div class=\"fusion-fullwidth fullwidth-box fusion-builder-row-1 fusion-flex-container nonhundred-percent-fullwidth non-hundred-percent-height-scrolling\" style=\"background-color: rgba(255,255,255,0);background-position: center center;background-repeat: no-repeat;border-width: 0px 0px 0px 0px;border-color:#e2e2e2;border-style:solid;\" ><div class=\"fusion-builder-row fusion-row fusion-flex-align-items-flex-start\" style=\"max-width:1248px;margin-left: calc(-4% \/ 2 );margin-right: calc(-4% \/ 2 );\"><div class=\"fusion-layout-column fusion_builder_column fusion-builder-column-0 fusion_builder_column_1_1 1_1 fusion-flex-column\"><div class=\"fusion-column-wrapper fusion-flex-justify-content-flex-start fusion-content-layout-column\" style=\"background-position:left top;background-repeat:no-repeat;-webkit-background-size:cover;-moz-background-size:cover;-o-background-size:cover;background-size:cover;padding: 0px 0px 0px 0px;\"><div class=\"fusion-text fusion-text-1\"><div class=\"news-text-wrap\">\n<p><em>V\u00a0Bratislave 1. 10. 2021<\/em><\/p>\n<p>Divadelnej dramaturgi\u010dke a kult\u00farnej mana\u017e\u00e9rke<strong>\u00a0Darine K\u00e1rovej\u00a0<\/strong>bude<strong>\u00a0v\u00a0pondelok 4. okt\u00f3bra 2021\u00a0<\/strong>odovzdan\u00e1\u00a0<strong>Cena\u00a0Slovensk\u00e9ho centra AICT\u00a0<\/strong><strong>za mimoriadny pr\u00ednos v\u00a0oblasti divadla.<\/strong>\u00a0Udeje sa to v\u00a0r\u00e1mci verejnej debaty\u00a0<strong>Presahy \/ Transcendencies<\/strong>, ktor\u00e1 sa bude kona\u0165 od 21.00 do 23.00 hod. v \u0160t\u00fadiu DAB v\u00a0Nitre. Besedu pripravila Asoci\u00e1cia Divadeln\u00e1 Nitra v spolupr\u00e1ci s Denn\u00edkom N. Diskusiu so \u0161peci\u00e1lnymi hos\u0165ami bude moderova\u0165\u00a0<strong>Oliver Reh\u00e1k.<\/strong><\/p>\n<p><strong>Slovensk\u00e9 centrum AICT<\/strong>\u00a0(Medzin\u00e1rodnej asoci\u00e1cie divadeln\u00fdch kritikov) ude\u013euje\u00a0<strong>Cenu za mimoriadny pr\u00ednos v\u00a0oblasti divadla<\/strong>\u00a0od roku 2015. Z\u00e1merom ocenenia je upozorni\u0165 na t\u00fdch, ktor\u00ed svoju nenahradite\u013en\u00fa pr\u00e1cu pre slovensk\u00e9 divadlo odv\u00e1dzaj\u00fa mimo svetiel r\u00e1mp a bez\u00a0potlesku div\u00e1kov. Autorom v\u00fdtvarn\u00e9ho n\u00e1vrhu a\u00a0realiz\u00e1cie tohtoro\u010dnej ceny je\u00a0v\u00fdznamn\u00fd slovensk\u00fd v\u00fdtvarn\u00edk a\u00a0sc\u00e9nograf\u00a0<strong>Fero Lipt\u00e1k<\/strong>.<\/p>\n<p>Aj tento rok je partnerom Ceny SC AICT spolo\u010dnos\u0165\u00a0<strong>Gesamtkunstwerk<\/strong>, ktorej srde\u010dne \u010fakujeme za podporu aktivity, ktor\u00e1 ka\u017edoro\u010dne zvidite\u013e\u0148uje osobnosti divadelnej\u00a0kritiky, te\u00f3rie, hist\u00f3rie, prekladu, pedagogiky \u010di mana\u017ementu. Podujatie bude streamovan\u00e9 cez facebookov\u00fa str\u00e1nku Denn\u00edka N.<\/p>\n<p><em>V\u00fdbor SC AICT:<\/em><\/p>\n<p>Zuzana Uli\u010dianska, predsedn\u00ed\u010dka<br \/>\nMichaela Moj\u017ei\u0161ov\u00e1, podpredsedn\u00ed\u010dka<br \/>\nDiana Laciakov\u00e1<\/p>\n<p>Martina Daubravov\u00e1<\/p>\n<p>Zuzana Spodniakov\u00e1<\/p>\n<p><strong>Darina K\u00e1rov\u00e1\u00a0<\/strong>\u2013\u00a0<strong>divadeln\u00e1 dramaturgi\u010dka, kult\u00farna mana\u017e\u00e9rka a expertka v\u00a0oblasti kult\u00farnej politiky<\/strong><\/p>\n<p><strong>31. j\u00fala 1951, Skalica<\/strong><\/p>\n<p>Podnieten\u00e1 dom\u00e1cim umeleck\u00fdm z\u00e1zem\u00edm (otec v\u00fdtvarn\u00fd teoretik \u013dubor K\u00e1ra, matka\u00a0akademick\u00e1 maliarka O\u013ega Barto\u0161\u00edkov\u00e1) absolvovala v\u00a0roku 1974 \u0161t\u00fadium divadelnej vedy na Vysokej \u0161kole m\u00fazick\u00fdch umen\u00ed v\u00a0Bratislave pod veden\u00edm pedag\u00f3gov profesora Petra Karva\u0161a, profesora Jana Boora a profesora Zolt\u00e1na Ramp\u00e1ka.<\/p>\n<p>Kr\u00e1tko po vysoko\u0161kolskom \u0161t\u00fadiu nast\u00fapila na poz\u00edciu dramaturgi\u010dky\u00a0Divadla Andreja Bagara\u00a0v\u00a0Nitre, kde p\u00f4sobila a\u017e do roku 1994. \u00daspe\u0161ne spolupracovala s\u00a0re\u017eis\u00e9rmi ako Jozef Bedn\u00e1rik, Karol Spi\u0161\u00e1k, Martin K\u00e1ko\u0161, Roman Pol\u00e1k \u010di \u013dubom\u00edr Vajdi\u010dka, ale aj so slovensk\u00fdmi spisovate\u013emi Vladom Bedn\u00e1rom, Vincentom \u0160ikulom \u010di Andrejom Ferkom na dramatiz\u00e1ci\u00e1ch ich pr\u00f3z. Medzi najv\u00fdznamnej\u0161ie inscen\u00e1cie, na ktor\u00fdch sa v\u00a0Divadle Andreja Bagara podie\u013eala, patrili tituly svetovej klasiky ako\u00a0<em>Dom Bernardy Alby, Titus Andronicus, Zojkin byt, Modr\u00fd vt\u00e1k<\/em>\u00a0a<em>\u00a0Psie srdce<\/em>. K\u00a0zauj\u00edmav\u00fdm dramatiz\u00e1ci\u00e1ch sa nepochybne radia tituly\u00a0<em>\u0160ikuli\u00e1da, Koza, Proso<\/em>\u00a0\u010di\u00a0<em>O\u00a0c\u00e1rovi Salt\u00e1novi<\/em>.<\/p>\n<p>V\u00a0rokoch\u00a01992 &#8211; 1993 p\u00f4sobila aj ako\u00a0pedagogi\u010dka\u00a0na Vysokej \u0161kole m\u00fazick\u00fdch umen\u00ed, kde vyu\u010dovala predmet anal\u00fdza dramatick\u00e9ho textu. Od roku 1993 do roku 1997 zast\u00e1vala tie\u017e poz\u00edciu dramaturgi\u010dky\u00a0Slovensk\u00e9ho n\u00e1rodn\u00e9ho divadla\u00a0v\u00a0Bratislave, kde nadviazala na \u00faspe\u0161n\u00e9 spolupr\u00e1ce so slovensk\u00fdmi re\u017eis\u00e9rmi \u013dubom\u00edrom Vajdi\u010dkom, Pavlom Hasprom alebo Antonom \u0160ul\u00edkom. V rokoch\u00a01998 \u2013 2001 bola Gener\u00e1lnou riadite\u013ekou Sekcie umenia na\u00a0Ministerstve kult\u00fary SR, na tento post ju doviedli jej bohat\u00e9 aktivity\u00a0v\u00a0oblasti kult\u00farnej politiky.<\/p>\n<p>V rokoch\u00a01991 \u2013 1998 zast\u00e1vala funkciu predsedn\u00ed\u010dky\u00a0Zdru\u017eenia divadeln\u00edkov na Slovensku\u00a0\u2013 profesijn\u00e9ho ob\u010dianskeho zdru\u017eenia organizuj\u00faceho rozmanit\u00e9 semin\u00e1re, prehliadky, s\u00fa\u0165a\u017ee \u010di festivaly, podie\u013eaj\u00faceho sa na vytv\u00e1ran\u00ed podmienok pre tvorbu a ochranu divadeln\u00e9ho umenia aj z\u00a0h\u013eadiska legislat\u00edvy.<\/p>\n<p>V\u00a0rokoch\u00a01997 \u2013 1998 bola \u010dlenkou sekcie kult\u00fary\u00a0Gr\u00e9mia 3. sektora, vrcholn\u00e9ho org\u00e1nu spolo\u010denstva mimovl\u00e1dnych organiz\u00e1ci\u00ed Slovenska. Od roku 1996 p\u00f4sob\u00ed ako predsedn\u00ed\u010dka\u00a0Otvoren\u00e9ho f\u00f3ra Zachr\u00e1\u0148me kult\u00faru, ob\u010dianskej iniciat\u00edvy celoslovensk\u00e9ho dosahu, zastre\u0161uj\u00facej m\u00edtingy, komunik\u00e1ciu s\u00a0parlamentom ale aj pr\u00e1cu na koncepci\u00e1ch kult\u00farnej politiky. V rokoch 2004 \u2013 2007\u00a0bola inici\u00e1torkou a\u00a0l\u00edderkou hnutia\u00a0Hlas pre kult\u00faru,\u00a0ob\u010dianskej iniciat\u00edvy celoslovensk\u00e9ho dosahu bojuj\u00facej proti faktickej privatiz\u00e1cii novostavby SND; v sez\u00f3ne\u00a02019\/2020\u00a0bola ako nez\u00e1visl\u00e1 expertka spoluautorkou programu kult\u00fara strany ZA \u013dUD\u00cd.<\/p>\n<p>Slovensk\u00fa kult\u00faru a\u00a0divadeln\u00e9 umenie prezentovala aj na mnoh\u00fdch medzin\u00e1rodn\u00fdch akci\u00e1ch, napr\u00edklad: st\u00e1\u017e\u00a0Courant d\u00b4 Est v Par\u00ed\u017ei (1992); konferencia\u00a0Kult\u00fara na kri\u017eovatke V\u00fdchod \u2013 Z\u00e1pad v Dijone (1993); kolokvium\u00a0Solidarita v\u00a0kult\u00fare v\u00a0Avignone (1997); symp\u00f3zium\u00a0Kult\u00fara a\u00a0politika, (Bratislave, 1998). V\u00fdrazne sa podie\u013eala na organiz\u00e1cii jarn\u00e9ho m\u00edtingu Eur\u00f3pskej siete performat\u00edvneho umenia\u00a0IETM 2009 Bratislava \u010di na medzin\u00e1rodnom interdisciplin\u00e1rnom projekte\u00a0<em>Paraleln\u00e9 \u017eivoty<\/em>\u00a0\u2013 20. storo\u010die o\u010dami tajnej pol\u00edcie\u00a0(2013 \u2013 2015).<\/p>\n<p>V\u00a0neposlednom rade treba vyzdvihn\u00fa\u0165 nezastupite\u013en\u00fa \u010dinnos\u0165 Dariny K\u00e1rovej v\u00a0r\u00e1mci Medzin\u00e1rodn\u00e9ho festivalu Divadeln\u00e1 Nitra, ktor\u00fd zalo\u017eila a ako v\u00fdkonn\u00e1 riadite\u013eka mana\u017euje od roku\u00a01992. Festival sa pod jej veden\u00edm stal trvalou s\u00fa\u010das\u0165ou divadeln\u00e9ho \u017eivota na Slovensku a\u00a0umo\u017enil div\u00e1kom uvidie\u0165 mno\u017estvo v\u00fdnimo\u010dn\u00fdch svetov\u00fdch divadeln\u00fdch produkci\u00ed a\u00a0osobnost\u00ed. Jeho s\u00fa\u010das\u0165ou boli mnoh\u00e9 medzin\u00e1rodn\u00e9 konferencie \u010di diskusie, d\u00f4le\u017eit\u00e9 nielen pre slovensk\u00fa teatrologick\u00fa obec na Slovensku ale aj pre \u0161irok\u00fa verejnos\u0165.<\/p>\n<p>Za svoju \u010dinnos\u0165 a\u00a0p\u00f4sobenie v\u00a0oblasti kult\u00fary Darina K\u00e1rov\u00e1 z\u00edskala nieko\u013eko v\u00fdznamn\u00fdch ocenen\u00ed:<\/p>\n<p>*vyznamenanie Franc\u00fazskej republiky Rytier R\u00e1du umen\u00ed a\u00a0literat\u00fary (1998),<\/p>\n<p>* vyznamenanie Ruskej feder\u00e1cie Za pr\u00ednos do rozvoja priate\u013estva (2005),<\/p>\n<p>* Cena prim\u00e1tora Mesta Nitry (2011),<\/p>\n<p>* Cena Liter\u00e1rneho fondu za celo\u017eivotn\u00e9 dielo (2015),<\/p>\n<p>* vyznamenanie Franc\u00fazskej republiky Oficier R\u00e1du umen\u00ed a\u00a0literat\u00fary (2016),<\/p>\n<p>* Cena Mesta Nitry (2016)<\/p>\n<p>* vyznamenanie prezidenta Slovenskej republiky \u2013 Rad \u013dudov\u00edta \u0160t\u00fara I. triedy za mimoriadne z\u00e1sluhy o\u00a0rozvoj v oblasti kult\u00fary a\u00a0divadeln\u00e9ho umenia a\u00a0za \u0161\u00edrenie dobr\u00e9ho mena Slovenskej republiky v\u00a0zahrani\u010d\u00ed (2019).<\/p>\n<p><em>Pripravila: Zuzana Spodniakov\u00e1<\/em><\/p>\n<p><em>Kontakt: Martina Daubravov\u00e1, centrum.aict@gmail.com<\/em><\/p>\n<p><strong><a href=\"http:\/\/www.aict.sk\/\" target=\"_blank\" rel=\"noopener\">www.aict.sk<\/a><br \/>\nFB page:\u00a0<a href=\"https:\/\/www.facebook.com\/ScAict?locale=sk_SK%2F\" target=\"_blank\" rel=\"noopener\">Asoci\u00e1cia divadeln\u00fdch kritikov SC AICT<\/a><\/strong><\/p>\n<p>Partnerom Ceny SC AICT je spolo\u010dnos\u0165 Gesamtkunstwerk.<\/p>\n<p>Medi\u00e1lnym partnerom Ceny SC AICT je R\u00e1dio Dev\u00edn.<\/p>\n<\/div>\n<div id=\"c452\">\n<div class=\"image-right image-above\">\n<div class=\"image-wrap\">\n\n\t\t<style type=\"text\/css\">\n\t\t\t#gallery-1 {\n\t\t\t\tmargin: auto;\n\t\t\t}\n\t\t\t#gallery-1 .gallery-item {\n\t\t\t\tfloat: left;\n\t\t\t\tmargin-top: 10px;\n\t\t\t\ttext-align: center;\n\t\t\t\twidth: 100%;\n\t\t\t}\n\t\t\t#gallery-1 img {\n\t\t\t\tborder: 2px solid #cfcfcf;\n\t\t\t}\n\t\t\t#gallery-1 .gallery-caption {\n\t\t\t\tmargin-left: 0;\n\t\t\t}\n\t\t\t\/* see gallery_shortcode() in wp-includes\/media.php *\/\n\t\t<\/style>\n\t\t<div id='gallery-1' class='gallery galleryid-4265 gallery-columns-1 gallery-size-large'><dl class='gallery-item'>\n\t\t\t<dt class='gallery-icon portrait'>\n\t\t\t\t<a data-rel=\"iLightbox[postimages]\" data-title=\"\" data-caption=\"\" href='https:\/\/monitoring.patlevic.sk\/wp-content\/uploads\/2021\/10\/IMG_6086.jpg'><img decoding=\"async\" width=\"200\" height=\"267\" src=\"data:image\/svg+xml,%3Csvg%20xmlns%3D%27http%3A%2F%2Fwww.w3.org%2F2000%2Fsvg%27%20width%3D%27200%27%20height%3D%27267%27%20viewBox%3D%270%200%20200%20267%27%3E%3Crect%20width%3D%27200%27%20height%3D%27267%27%20fill-opacity%3D%220%22%2F%3E%3C%2Fsvg%3E\" class=\"attachment-large size-large lazyload\" alt=\"\" data-orig-src=\"https:\/\/monitoring.patlevic.sk\/wp-content\/uploads\/2021\/10\/IMG_6086.jpg\" \/><\/a>\n\t\t\t<\/dt><\/dl><br style=\"clear: both\" \/>\n\t\t<\/div>\n\n<\/div>\n<\/div>\n<\/div>\n<\/div><\/div><style type=\"text\/css\">.fusion-body .fusion-builder-column-0{width:100% !important;margin-top : 0px;margin-bottom : 0px;}.fusion-builder-column-0 > .fusion-column-wrapper {padding-top : 0px !important;padding-right : 0px !important;margin-right : 1.92%;padding-bottom : 0px !important;padding-left : 0px !important;margin-left : 1.92%;}@media only screen and (max-width:1024px) {.fusion-body .fusion-builder-column-0{width:100% !important;}.fusion-builder-column-0 > .fusion-column-wrapper {margin-right : 1.92%;margin-left : 1.92%;}}@media only screen and (max-width:640px) {.fusion-body .fusion-builder-column-0{width:100% !important;}.fusion-builder-column-0 > .fusion-column-wrapper {margin-right : 1.92%;margin-left : 1.92%;}}<\/style><\/div><\/div><style type=\"text\/css\">.fusion-body .fusion-flex-container.fusion-builder-row-1{ padding-top : 0px;margin-top : 0px;padding-right : 0px;padding-bottom : 0px;margin-bottom : 0px;padding-left : 0px;}<\/style><\/div>\n","protected":false},"excerpt":{"rendered":"","protected":false},"author":233,"featured_media":0,"comment_status":"open","ping_status":"open","sticky":false,"template":"","format":"standard","meta":{"footnotes":"","_links_to":"","_links_to_target":""},"categories":[108],"tags":[],"class_list":["post-4265","post","type-post","status-publish","format-standard","hentry","category-aktuality"],"_links":{"self":[{"href":"https:\/\/monitoring.patlevic.sk\/index.php?rest_route=\/wp\/v2\/posts\/4265","targetHints":{"allow":["GET"]}}],"collection":[{"href":"https:\/\/monitoring.patlevic.sk\/index.php?rest_route=\/wp\/v2\/posts"}],"about":[{"href":"https:\/\/monitoring.patlevic.sk\/index.php?rest_route=\/wp\/v2\/types\/post"}],"author":[{"embeddable":true,"href":"https:\/\/monitoring.patlevic.sk\/index.php?rest_route=\/wp\/v2\/users\/233"}],"replies":[{"embeddable":true,"href":"https:\/\/monitoring.patlevic.sk\/index.php?rest_route=%2Fwp%2Fv2%2Fcomments&post=4265"}],"version-history":[{"count":3,"href":"https:\/\/monitoring.patlevic.sk\/index.php?rest_route=\/wp\/v2\/posts\/4265\/revisions"}],"predecessor-version":[{"id":4357,"href":"https:\/\/monitoring.patlevic.sk\/index.php?rest_route=\/wp\/v2\/posts\/4265\/revisions\/4357"}],"wp:attachment":[{"href":"https:\/\/monitoring.patlevic.sk\/index.php?rest_route=%2Fwp%2Fv2%2Fmedia&parent=4265"}],"wp:term":[{"taxonomy":"category","embeddable":true,"href":"https:\/\/monitoring.patlevic.sk\/index.php?rest_route=%2Fwp%2Fv2%2Fcategories&post=4265"},{"taxonomy":"post_tag","embeddable":true,"href":"https:\/\/monitoring.patlevic.sk\/index.php?rest_route=%2Fwp%2Fv2%2Ftags&post=4265"}],"curies":[{"name":"wp","href":"https:\/\/api.w.org\/{rel}","templated":true}]}}