{"id":4259,"date":"2021-11-09T13:38:48","date_gmt":"2021-11-09T12:38:48","guid":{"rendered":"https:\/\/monitoring.patlevic.sk\/?p=4259"},"modified":"2023-01-27T07:32:59","modified_gmt":"2023-01-27T06:32:59","slug":"divadelne-vlny-rozhlasova-reflexia-divadelnej-tvorby-na-slovensku","status":"publish","type":"post","link":"https:\/\/monitoring.patlevic.sk\/?p=4259","title":{"rendered":"Divadeln\u00e9 vlny: Rozhlasov\u00e1 reflexia divadelnej tvorby na Slovensku"},"content":{"rendered":"<div class=\"fusion-fullwidth fullwidth-box fusion-builder-row-1 fusion-flex-container nonhundred-percent-fullwidth non-hundred-percent-height-scrolling\" style=\"background-color: rgba(255,255,255,0);background-position: center center;background-repeat: no-repeat;border-width: 0px 0px 0px 0px;border-color:#e2e2e2;border-style:solid;\" ><div class=\"fusion-builder-row fusion-row fusion-flex-align-items-flex-start\" style=\"max-width:1248px;margin-left: calc(-4% \/ 2 );margin-right: calc(-4% \/ 2 );\"><div class=\"fusion-layout-column fusion_builder_column fusion-builder-column-0 fusion_builder_column_1_1 1_1 fusion-flex-column\"><div class=\"fusion-column-wrapper fusion-flex-justify-content-flex-start fusion-content-layout-column\" style=\"background-position:left top;background-repeat:no-repeat;-webkit-background-size:cover;-moz-background-size:cover;-o-background-size:cover;background-size:cover;padding: 0px 0px 0px 0px;\"><div class=\"fusion-text fusion-text-1\"><div class=\"news-text-wrap\">\n<p>R\u00e1dio Dev\u00edn a Slovensk\u00e9 centrum Medzin\u00e1rodnej asoci\u00e1cie divadeln\u00fdch kritikov (SC AICT) sa dohodli na usporiadan\u00ed cyklu diskusi\u00ed o\u00a0divadelnej tvorbe na Slovensku \u2013\u00a0<em>Divadeln\u00e9 vlny<\/em>. Cie\u013eom\u00a0<em>Divadeln\u00fdch v\u013an<\/em>\u00a0je poskytn\u00fa\u0165 posluch\u00e1\u010dom R\u00e1dia Dev\u00edn, n\u00e1v\u0161tevn\u00edkom webov R\u00e1dia Dev\u00edn a\u00a0SC AICT, ako aj ich soci\u00e1lnych platforiem, odborn\u00fa reflexiu uplynulej sez\u00f3ny; pouk\u00e1za\u0165 na in\u0161pirat\u00edvne inscena\u010dn\u00e9 po\u010diny, tematizova\u0165 aktu\u00e1lne form\u00e1lne i\u00a0obsahov\u00e9 trendy a\u00a0upozorni\u0165 na v\u00fdnimo\u010dn\u00e9 individu\u00e1lne divadeln\u00e9 v\u00fdkony. T\u00e9mami jednotliv\u00fdch diskusi\u00ed bud\u00fa:<\/p>\n<p>&#8211;\u00a0\u00a0\u00a0\u00a0\u00a0\u00a0 \u010cinohern\u00e9 divadlo (zria\u010fovan\u00e9 divadl\u00e1<\/p>\n<p>&#8211;\u00a0\u00a0\u00a0\u00a0\u00a0\u00a0 \u010cinoherno-performat\u00edvne divadlo (nezria\u010fovan\u00e9 divadl\u00e1)<\/p>\n<p>&#8211;\u00a0\u00a0\u00a0\u00a0\u00a0\u00a0 Hudobn\u00e9 divadlo<\/p>\n<p>&#8211;\u00a0\u00a0\u00a0\u00a0\u00a0\u00a0 Tane\u010dn\u00e9 divadlo<\/p>\n<p>&#8211;\u00a0\u00a0\u00a0\u00a0\u00a0\u00a0 B\u00e1bkov\u00e9 divadlo<\/p>\n<p>Odbornos\u0165 v\u00fdstupov projektu\u00a0<em>Divadeln\u00e9 vlny<\/em>\u00a0je garantovan\u00e1 \u00fa\u010das\u0165ou renomovan\u00fdch slovensk\u00fdch teatrol\u00f3gov, spolupracuj\u00facich s\u00a0SC AICT, a moder\u00e1torsk\u00fdm veden\u00edm Hany Rodovej, ktor\u00e1 sa vo svojich rozhlasov\u00fdch rel\u00e1ci\u00e1ch pravidelne venuje problematike divadelnej reflexie. Nult\u00fd ro\u010dn\u00edk cyklu diskusi\u00ed o\u00a0divadelnej tvorbe na Slovensku\u00a0<em>Divadeln\u00e9 vlny<\/em>\u00a0sa realizuje v\u00a0\u010dase, kedy sa z\u00a0finan\u010dn\u00fdch a\u00a0epidemick\u00fdch d\u00f4vodov neuskuto\u010dnilo tradi\u010dn\u00e9 ude\u013eovanie divadeln\u00fdch cien DOSKY. R\u00e1dio Dev\u00edn a\u00a0SC AICT by radi pomohli tento priestor zaplni\u0165 a odborne reflektova\u0165 uplynul\u00e9 dve sez\u00f3ny pozna\u010den\u00e9 pandemickou situ\u00e1ciou, av\u0161ak bez amb\u00edcie spom\u00ednan\u00e9 ceny nahradi\u0165. Z\u00e1rove\u0148 vznik\u00e1 mo\u017enos\u0165 zalo\u017ei\u0165 nov\u00fa trad\u00edciu, ktor\u00e1 by v\u017edy v\u00a0t\u00fd\u017edni, predch\u00e1dzaj\u00facom Noci divadiel, pon\u00fakla vo vysielan\u00ed R\u00e1dia Dev\u00edn p\u00e4\u0165 diskusn\u00fdch form\u00e1tov, reflektuj\u00facich sledovan\u00e9 divadeln\u00e9 kateg\u00f3rie za uplynul\u00fa sez\u00f3nu.<\/p>\n<p>Nult\u00fd ro\u010dn\u00edk\u00a0<em>Rozhlasovej reflexie divadelnej tvorby na Slovensku<\/em>\u00a0<em>Divadeln\u00e9 vlny<\/em>\u00a0sa uskuto\u010dn\u00ed v\u00a0d\u0148och 15. \u2013 19. 11. 2021. Diskusn\u00e9 form\u00e1ty bud\u00fa odvysielan\u00e9 ka\u017ed\u00fd de\u0148 v\u00a0r\u00e1mci rel\u00e1cie\u00a0<em>Ladenie<\/em>\u00a0od 15. 30 do 16. 05 hod. Z\u00e1znamy jednotliv\u00fdch diskusi\u00ed bud\u00fa po odvysielan\u00ed pr\u00edstupn\u00e9 na webe R\u00e1dia Dev\u00edn:<\/p>\n<p><a href=\"https:\/\/devin.rtvs.sk\/clanky\/rozhlasova-tvorba\/272477\/divadelne-vlny-reflexia-divadelnej-tvorby-na-slovensku\" target=\"_blank\" rel=\"noopener\">https:\/\/monitoringdivadiel.sk\/cloveka-napokon-vsetko-znudi-nemozem-si-pomoct\/<\/a><\/p>\n<p><strong>Hostia\u00a0<em>Divadeln\u00fdch v\u013an<\/em>\u00a0v\u00a0jednotliv\u00fdch diskusi\u00e1ch<\/strong><\/p>\n<p>15. 11.: \u010cinohern\u00e9\u00a0divadlo (zria\u010fovan\u00e9 divadl\u00e1)<\/p>\n<p>Milo Jur\u00e1ni a Miroslav Zwiefelhofer<\/p>\n<p>16. 11.:\u00a0\u010cinoherno-performat\u00edvne divadlo (nezria\u010fovan\u00e9\u00a0divadl\u00e1)<\/p>\n<p>Viera Bartkov\u00e1 a Martina Ma\u0161l\u00e1rov\u00e1<\/p>\n<p>17. 11.: Hudobn\u00e9 divadlo<\/p>\n<p>Karol Mi\u0161ovic a Michaela Moj\u017ei\u0161ov\u00e1<\/p>\n<p>18. 11.: Tane\u010dn\u00e9 divadlo<\/p>\n<p>Marek Godovi\u010d a Michaela Pa\u0161tekov\u00e1<\/p>\n<p>19. 11.:\u00a0B\u00e1bkov\u00e9 divadlo<\/p>\n<p>Lenka Dzad\u00edkov\u00e1 a Barbora Zami\u0161kov\u00e1<\/p>\n<p>Moder\u00e1torka: Hana Rodov\u00e1<\/p>\n<p><strong><em>Divadeln\u00e9 vlny.\u00a0Rozhlasov\u00e1 reflexia divadelnej tvorby na Slovensku<\/em><\/strong><\/p>\n<p><strong>N\u00e1met: Peter Jank<\/strong><strong>\u016f (RD)<\/strong><\/p>\n<p><strong>Dramaturgia: Diana Laciakov\u00e1 (SC AICT)<\/strong><\/p>\n<p><strong>Zodpovedn\u00e1 redaktorka: Andrea Mak\u00fd\u0161ov\u00e1 Vol\u00e1rov\u00e1 (RD)<\/strong><\/p>\n<p><strong>Moder\u00e1torka: Hana Rodov\u00e1 (RD)<\/strong><\/p>\n<p><strong>Vyrobil Rozhlas a telev\u00edzia Slovenska v spolupr\u00e1ci so Slovensk\u00fdm centrom Medzin\u00e1rodnej asoci\u00e1cie divadeln\u00fdch kritikov v roku 2021.<\/strong><\/p>\n<\/div>\n<div id=\"c461\">\n<div class=\"image-center image-below\">\n<div class=\"text\"><\/div>\n<div class=\"image-wrap\">\n<div class=\"image-center-outer\">\n<div class=\"image-center-inner\">\n\n\t\t<style type=\"text\/css\">\n\t\t\t#gallery-1 {\n\t\t\t\tmargin: auto;\n\t\t\t}\n\t\t\t#gallery-1 .gallery-item {\n\t\t\t\tfloat: left;\n\t\t\t\tmargin-top: 10px;\n\t\t\t\ttext-align: center;\n\t\t\t\twidth: 100%;\n\t\t\t}\n\t\t\t#gallery-1 img {\n\t\t\t\tborder: 2px solid #cfcfcf;\n\t\t\t}\n\t\t\t#gallery-1 .gallery-caption {\n\t\t\t\tmargin-left: 0;\n\t\t\t}\n\t\t\t\/* see gallery_shortcode() in wp-includes\/media.php *\/\n\t\t<\/style>\n\t\t<div id='gallery-1' class='gallery galleryid-4259 gallery-columns-1 gallery-size-full'><dl class='gallery-item'>\n\t\t\t<dt class='gallery-icon landscape'>\n\t\t\t\t<a data-rel=\"iLightbox[postimages]\" data-title=\"\" data-caption=\"\" href='https:\/\/monitoring.patlevic.sk\/wp-content\/uploads\/2021\/11\/csm_DVff_6a23cdb859.jpg'><img decoding=\"async\" width=\"1140\" height=\"697\" src=\"https:\/\/monitoring.patlevic.sk\/wp-content\/uploads\/2021\/11\/csm_DVff_6a23cdb859.jpg\" class=\"attachment-full size-full lazyload\" alt=\"\" srcset=\"data:image\/svg+xml,%3Csvg%20xmlns%3D%27http%3A%2F%2Fwww.w3.org%2F2000%2Fsvg%27%20width%3D%271140%27%20height%3D%27697%27%20viewBox%3D%270%200%201140%20697%27%3E%3Crect%20width%3D%271140%27%20height%3D%27697%27%20fill-opacity%3D%220%22%2F%3E%3C%2Fsvg%3E\" data-orig-src=\"https:\/\/monitoring.patlevic.sk\/wp-content\/uploads\/2021\/11\/csm_DVff_6a23cdb859.jpg\" data-srcset=\"https:\/\/monitoring.patlevic.sk\/wp-content\/uploads\/2021\/11\/csm_DVff_6a23cdb859-200x122.jpg 200w, https:\/\/monitoring.patlevic.sk\/wp-content\/uploads\/2021\/11\/csm_DVff_6a23cdb859-300x183.jpg 300w, https:\/\/monitoring.patlevic.sk\/wp-content\/uploads\/2021\/11\/csm_DVff_6a23cdb859-400x245.jpg 400w, https:\/\/monitoring.patlevic.sk\/wp-content\/uploads\/2021\/11\/csm_DVff_6a23cdb859-600x367.jpg 600w, https:\/\/monitoring.patlevic.sk\/wp-content\/uploads\/2021\/11\/csm_DVff_6a23cdb859-768x470.jpg 768w, https:\/\/monitoring.patlevic.sk\/wp-content\/uploads\/2021\/11\/csm_DVff_6a23cdb859-800x489.jpg 800w, https:\/\/monitoring.patlevic.sk\/wp-content\/uploads\/2021\/11\/csm_DVff_6a23cdb859-1024x626.jpg 1024w, https:\/\/monitoring.patlevic.sk\/wp-content\/uploads\/2021\/11\/csm_DVff_6a23cdb859.jpg 1140w\" data-sizes=\"auto\" \/><\/a>\n\t\t\t<\/dt><\/dl><br style=\"clear: both\" \/>\n\t\t<\/div>\n\n<\/div>\n<\/div>\n<\/div>\n<\/div>\n<\/div>\n<\/div><\/div><style type=\"text\/css\">.fusion-body .fusion-builder-column-0{width:100% !important;margin-top : 0px;margin-bottom : 0px;}.fusion-builder-column-0 > .fusion-column-wrapper {padding-top : 0px !important;padding-right : 0px !important;margin-right : 1.92%;padding-bottom : 0px !important;padding-left : 0px !important;margin-left : 1.92%;}@media only screen and (max-width:1024px) {.fusion-body .fusion-builder-column-0{width:100% !important;}.fusion-builder-column-0 > .fusion-column-wrapper {margin-right : 1.92%;margin-left : 1.92%;}}@media only screen and (max-width:640px) {.fusion-body .fusion-builder-column-0{width:100% !important;}.fusion-builder-column-0 > .fusion-column-wrapper {margin-right : 1.92%;margin-left : 1.92%;}}<\/style><\/div><\/div><style type=\"text\/css\">.fusion-body .fusion-flex-container.fusion-builder-row-1{ padding-top : 0px;margin-top : 0px;padding-right : 0px;padding-bottom : 0px;margin-bottom : 0px;padding-left : 0px;}<\/style><\/div>\n","protected":false},"excerpt":{"rendered":"","protected":false},"author":233,"featured_media":0,"comment_status":"open","ping_status":"open","sticky":false,"template":"","format":"standard","meta":{"footnotes":"","_links_to":"","_links_to_target":""},"categories":[108],"tags":[],"class_list":["post-4259","post","type-post","status-publish","format-standard","hentry","category-aktuality"],"_links":{"self":[{"href":"https:\/\/monitoring.patlevic.sk\/index.php?rest_route=\/wp\/v2\/posts\/4259","targetHints":{"allow":["GET"]}}],"collection":[{"href":"https:\/\/monitoring.patlevic.sk\/index.php?rest_route=\/wp\/v2\/posts"}],"about":[{"href":"https:\/\/monitoring.patlevic.sk\/index.php?rest_route=\/wp\/v2\/types\/post"}],"author":[{"embeddable":true,"href":"https:\/\/monitoring.patlevic.sk\/index.php?rest_route=\/wp\/v2\/users\/233"}],"replies":[{"embeddable":true,"href":"https:\/\/monitoring.patlevic.sk\/index.php?rest_route=%2Fwp%2Fv2%2Fcomments&post=4259"}],"version-history":[{"count":3,"href":"https:\/\/monitoring.patlevic.sk\/index.php?rest_route=\/wp\/v2\/posts\/4259\/revisions"}],"predecessor-version":[{"id":4343,"href":"https:\/\/monitoring.patlevic.sk\/index.php?rest_route=\/wp\/v2\/posts\/4259\/revisions\/4343"}],"wp:attachment":[{"href":"https:\/\/monitoring.patlevic.sk\/index.php?rest_route=%2Fwp%2Fv2%2Fmedia&parent=4259"}],"wp:term":[{"taxonomy":"category","embeddable":true,"href":"https:\/\/monitoring.patlevic.sk\/index.php?rest_route=%2Fwp%2Fv2%2Fcategories&post=4259"},{"taxonomy":"post_tag","embeddable":true,"href":"https:\/\/monitoring.patlevic.sk\/index.php?rest_route=%2Fwp%2Fv2%2Ftags&post=4259"}],"curies":[{"name":"wp","href":"https:\/\/api.w.org\/{rel}","templated":true}]}}