{"id":4255,"date":"2021-11-30T13:37:31","date_gmt":"2021-11-30T12:37:31","guid":{"rendered":"https:\/\/monitoring.patlevic.sk\/?p=4255"},"modified":"2023-01-26T13:37:47","modified_gmt":"2023-01-26T12:37:47","slug":"druha-cast-konferencie-recyklacia-v-performativnych-umeniach-prebehla-online","status":"publish","type":"post","link":"https:\/\/monitoring.patlevic.sk\/?p=4255","title":{"rendered":"Druh\u00e1 \u010das\u0165 konferencie Recykl\u00e1cia v performat\u00edvnych umeniach prebehla online"},"content":{"rendered":"<p>D\u0148a 20. novembra 2021 sa uskuto\u010dnila online medzin\u00e1rodn\u00e1 konferencia<strong>\u00a0Recykl\u00e1cia v performat\u00edvnych umeniach: od kreativity ku komercializ\u00e1cii \u2013 II<\/strong>., ktor\u00e9ho hlavn\u00fdm organiz\u00e1torom bolo<strong>\u00a0Slovensk\u00e9 centrum AICT.\u00a0<\/strong>Podujatie sa konalo v r\u00e1mci\u00a0<em>\u00a0<\/em><strong>Noc divadiel\u00a0<\/strong>v spolupr\u00e1ci s\u00a0<strong>Divadeln\u00fdm \u00fastavom<\/strong>\u00a0a s finan\u010dn\u00fdm prispen\u00edm\u00a0<strong>FONDU LITA<\/strong>.\u00a0Moder\u00e1torom podujatia bol\u00a0<strong>Ivan Medenica<\/strong>\u00a0z Fakulty dramatick\u00fdch umen\u00ed v\u00a0Belehrade, ktor\u00fd je z\u00e1rove\u0148 umeleck\u00fdm riadite\u013eom Festivalu Bitef ako aj\u00a0riadite\u013eom konferenci\u00ed v\u00a0r\u00e1mci v\u00fdkonn\u00e9ho v\u00fdboru AICT\/IATC.<\/p>\n<p>K \u00fa\u010dastn\u00edkom sa v \u00favode konferencie prihovoril ONLINE\u00a0<strong>Jeffrey Jenkins \u2013\u00a0<\/strong>divadeln\u00fd kritik a pedag\u00f3g z University of Illinois, Urbana Champaign, USA, ktor\u00fd je nov\u00fdm prezidentom Medzin\u00e1rodnej asoci\u00e1cie divadeln\u00fdch kritikov AICT\/IATC.<\/p>\n<p><strong>Savas Patsalidis,<\/strong>\u00a0profesor z Aristotle University v\u00a0Thesalonik\u00e1ch, \u0161\u00e9fredaktor Critical Stages prezentoval z\u00e1kladn\u00e9 t\u00e9zy spojen\u00e9 s\u00a0nastolenou t\u00e9mou.<\/p>\n<p><strong>Zuzana Uli\u010dianska<\/strong>, predsedn\u00ed\u010dka Slovensk\u00e9ho centra AICT a \u010dlenka v\u00fdkonn\u00e9ho v\u00fdboru Medzin\u00e1rodnej asoci\u00e1cia divadeln\u00fdch kritikov v\u00fdbor AICT\/IATC urobila kr\u00e1tku rekapitul\u00e1ciu prvej \u010dasti podujatia, ktor\u00e9 sa konalo v\u00a0hybridnej forme 15. okt\u00f3bra 2021.<\/p>\n<p>Medzi \u010fal\u0161\u00edmi ONLINE \u00fa\u010dastn\u00edkmi boli<strong>\u00a0Michaela R\u00fdgrov\u00e1\u00a0<\/strong>z\u00a0Institutu um\u011bn\u00ed &#8211; Divadeln\u00fd \u00fastav, Praha,\u00a0<strong>Lee Hwawon,<\/strong>\u00a0profesorka zo Sangmyung University, ma\u010farsk\u00e1 kriti\u010dka\u00a0<strong>Timea Papp\u00a0<\/strong>\u010di<strong>\u00a0Lama Mell\u0113na-Bartkevi\u010da\u00a0<\/strong>z J\u0101zeps V\u012btols Latvian Academy of Music, \u010dlenka Litovskej sekcie AICT.<\/p>\n<p>O\u00a0recykl\u00e1cii identity obyvate\u013eov Banskej \u0160tiavnice v\u00a0r\u00e1mci imerznej polydr\u00e1my\u00a0<em>Kosmopol<\/em>\u00a0hovorila divadeln\u00e1 re\u017eis\u00e9rka\u00a0<strong>Mila Dromowich<\/strong>. Rudolf Le\u0161ka sa venoval pr\u00e1vnym aspektom recykl\u00e1cie umeleck\u00fdch diel.<\/p>\n<p>Online konferenciu uzavrel pr\u00edspevok\u00a0<strong>Ivana Medenicu<\/strong>\u00a0o\u00a0recykl\u00e1cii festivalov\u00fdch produkci\u00ed po ktorom nasledovala kr\u00e1tka diskusia.<\/p>\n<p>Cel\u00fd z\u00e1znam z\u00a0tejto \u010dasti konferencie si m\u00f4\u017eete pozrie\u0165 na tomto linku:<br \/>\n<a href=\"https:\/\/youtu.be\/IzTBKpXxpNw\" target=\"_blank\" rel=\"noopener\">https:\/\/youtu.be\/IzTBKpXxpNw<\/a><\/p>\n","protected":false},"excerpt":{"rendered":"<p>D\u0148a 20. novembra 2021 sa uskuto\u010dnila online medzin\u00e1rodn\u00e1 konferencia\u00a0Recykl\u00e1cia v [&hellip;]<\/p>\n","protected":false},"author":233,"featured_media":0,"comment_status":"open","ping_status":"open","sticky":false,"template":"","format":"standard","meta":{"footnotes":"","_links_to":"","_links_to_target":""},"categories":[108],"tags":[],"class_list":["post-4255","post","type-post","status-publish","format-standard","hentry","category-aktuality"],"_links":{"self":[{"href":"https:\/\/monitoring.patlevic.sk\/index.php?rest_route=\/wp\/v2\/posts\/4255","targetHints":{"allow":["GET"]}}],"collection":[{"href":"https:\/\/monitoring.patlevic.sk\/index.php?rest_route=\/wp\/v2\/posts"}],"about":[{"href":"https:\/\/monitoring.patlevic.sk\/index.php?rest_route=\/wp\/v2\/types\/post"}],"author":[{"embeddable":true,"href":"https:\/\/monitoring.patlevic.sk\/index.php?rest_route=\/wp\/v2\/users\/233"}],"replies":[{"embeddable":true,"href":"https:\/\/monitoring.patlevic.sk\/index.php?rest_route=%2Fwp%2Fv2%2Fcomments&post=4255"}],"version-history":[{"count":1,"href":"https:\/\/monitoring.patlevic.sk\/index.php?rest_route=\/wp\/v2\/posts\/4255\/revisions"}],"predecessor-version":[{"id":4256,"href":"https:\/\/monitoring.patlevic.sk\/index.php?rest_route=\/wp\/v2\/posts\/4255\/revisions\/4256"}],"wp:attachment":[{"href":"https:\/\/monitoring.patlevic.sk\/index.php?rest_route=%2Fwp%2Fv2%2Fmedia&parent=4255"}],"wp:term":[{"taxonomy":"category","embeddable":true,"href":"https:\/\/monitoring.patlevic.sk\/index.php?rest_route=%2Fwp%2Fv2%2Fcategories&post=4255"},{"taxonomy":"post_tag","embeddable":true,"href":"https:\/\/monitoring.patlevic.sk\/index.php?rest_route=%2Fwp%2Fv2%2Ftags&post=4255"}],"curies":[{"name":"wp","href":"https:\/\/api.w.org\/{rel}","templated":true}]}}