{"id":4239,"date":"2022-07-29T13:31:41","date_gmt":"2022-07-29T11:31:41","guid":{"rendered":"https:\/\/monitoring.patlevic.sk\/?p=4239"},"modified":"2023-01-26T13:32:04","modified_gmt":"2023-01-26T12:32:04","slug":"30-rocnik-medzinarodneho-festivalu-divadlo-v-plzni-sa-blizi","status":"publish","type":"post","link":"https:\/\/monitoring.patlevic.sk\/?p=4239","title":{"rendered":"30. ro\u010dn\u00edk Medzin\u00e1rodn\u00e9ho festivalu DIVADLO v Plzni sa bl\u00ed\u017ei!"},"content":{"rendered":"<div class=\"news-text-wrap\">\n<p class=\"text-justify\">Festival svojim septembrov\u00fdm vydan\u00edm osl\u00e1vi jubileum a obhliadne sa za uplynul\u00fdmi ro\u010dn\u00edkmi. Pripomenie si viacero sl\u00e1vnych momentov a osobnost\u00ed, ktor\u00e9 s\u00fa s festivalom neodl\u00fa\u010dite\u013ene spojen\u00e9. Predov\u0161etk\u00fdm v\u0161ak svoje 30. v\u00fdro\u010die osl\u00e1vi bohat\u00fdm programom. N\u00e1v\u0161tevn\u00edci festivalu sa m\u00f4\u017eu te\u0161i\u0165 na dlho o\u010dak\u00e1van\u00e9 hos\u0165ovanie renomovan\u00e9ho kanadsk\u00e9ho re\u017eis\u00e9ra Roberta Lepage, ktor\u00e9ho inscen\u00e1cia otvor\u00ed festivalov\u00fd program, ako aj inscen\u00e1cie \u010fal\u0161\u00edch medzin\u00e1rodn\u00fdch re\u017eis\u00e9rov ako Viktora Bod\u00f3a, Christopha Marthalera \u010di Yany Rossovej. Do Plzne zav\u00edta aj Slovensk\u00e9 n\u00e1rodn\u00e9 divadlo s autorskou inscen\u00e1ciou v r\u00e9\u017eii Mat\u00fa\u0161a Bachynca\u00a0<em>K\u00fdm pr\u00eddu Stouni&#8230;<\/em>.\u010cesk\u00fd program bude tradi\u010dne tvori\u0165 v\u00fdber z tvorby \u010desk\u00fdch divadiel \u2013 od inscen\u00e1ci\u00ed z produkcie ve\u013ek\u00fdch reperto\u00e1rov\u00fdch divadiel a\u017e po nez\u00e1visl\u00e9 a \u0161tudentsk\u00e9 projekty. Festival poskytne priestor form\u00e1m \u010dinohern\u00e9ho, b\u00e1bkov\u00e9ho i opern\u00e9ho divadla. Hlavn\u00fd program festivalu v Plzni sa uskuto\u010dn\u00ed v d\u0148och od 14. do 18. septembra 2022.<\/p>\n<p>V pr\u00edpade z\u00e1ujmu o \u00fa\u010das\u0165 na festivale je potrebn\u00e9 zaregistrova\u0165 sa prostredn\u00edctvom formul\u00e1ra najnesk\u00f4r do 19. augusta 2022.<\/p>\n<p>Formul\u00e1r je dostupn\u00fd tu:\u00a0<a href=\"https:\/\/registrace.festivaldivadlo.cz\/registrace\/my2riv858q38knfu81c9zuhjk7aefwveycpan2hl2r79gb5v2ly0vbkpu8ynbk6ir58km79d90b0s5co\/\" target=\"_blank\" rel=\"noopener\">https:\/\/registrace.festivaldivadlo.cz\/registrace\/my2riv858q38knfu81c9zuhjk7aefwveycpan2hl2r79gb5v2ly0vbkpu8ynbk6ir58km79d90b0s5co\/<\/a><\/p>\n<p>V pr\u00edpade ot\u00e1zok a nejasnost\u00ed kontaktuje Kate\u0159inu Bal\u00edkov\u00fa na adrese guest@festivaldivadlo.cz alebo na telef\u00f3nnom \u010d\u00edsle +420 603 569 958.<\/p>\n<p>&nbsp;<\/p>\n<p>&nbsp;<\/p>\n<\/div>\n<div id=\"c493\">\n<ul class=\"media-list\">\n<li class=\"media\">\n<div class=\"media-body\">\n<h4 class=\"media-heading\"><a href=\"https:\/\/www.aict.sk\/fileadmin\/aict\/photos\/harmonogram-cs.pdf\" target=\"_blank\" rel=\"noopener\">harmonogram-cs.pdf<\/a><\/h4>\n<\/div>\n<\/li>\n<li class=\"media\">\n<div class=\"media-body\">\n<h4 class=\"media-heading\"><a href=\"https:\/\/www.aict.sk\/fileadmin\/aict\/photos\/pozvanka-cs.pdf\" target=\"_blank\" rel=\"noopener\">pozvanka-cs.pdf<\/a><\/h4>\n<\/div>\n<\/li>\n<li class=\"media\">\n<div class=\"media-body\">\n<h4 class=\"media-heading\"><a href=\"https:\/\/www.aict.sk\/fileadmin\/aict\/photos\/program-cs.pdf\" target=\"_blank\" rel=\"noopener\">program-cs.pdf<\/a><\/h4>\n<\/div>\n<\/li>\n<\/ul>\n<\/div>\n","protected":false},"excerpt":{"rendered":"<p>Festival svojim septembrov\u00fdm vydan\u00edm osl\u00e1vi jubileum a obhliadne sa za [&hellip;]<\/p>\n","protected":false},"author":233,"featured_media":0,"comment_status":"open","ping_status":"open","sticky":false,"template":"","format":"standard","meta":{"footnotes":"","_links_to":"","_links_to_target":""},"categories":[108],"tags":[],"class_list":["post-4239","post","type-post","status-publish","format-standard","hentry","category-aktuality"],"_links":{"self":[{"href":"https:\/\/monitoring.patlevic.sk\/index.php?rest_route=\/wp\/v2\/posts\/4239","targetHints":{"allow":["GET"]}}],"collection":[{"href":"https:\/\/monitoring.patlevic.sk\/index.php?rest_route=\/wp\/v2\/posts"}],"about":[{"href":"https:\/\/monitoring.patlevic.sk\/index.php?rest_route=\/wp\/v2\/types\/post"}],"author":[{"embeddable":true,"href":"https:\/\/monitoring.patlevic.sk\/index.php?rest_route=\/wp\/v2\/users\/233"}],"replies":[{"embeddable":true,"href":"https:\/\/monitoring.patlevic.sk\/index.php?rest_route=%2Fwp%2Fv2%2Fcomments&post=4239"}],"version-history":[{"count":1,"href":"https:\/\/monitoring.patlevic.sk\/index.php?rest_route=\/wp\/v2\/posts\/4239\/revisions"}],"predecessor-version":[{"id":4240,"href":"https:\/\/monitoring.patlevic.sk\/index.php?rest_route=\/wp\/v2\/posts\/4239\/revisions\/4240"}],"wp:attachment":[{"href":"https:\/\/monitoring.patlevic.sk\/index.php?rest_route=%2Fwp%2Fv2%2Fmedia&parent=4239"}],"wp:term":[{"taxonomy":"category","embeddable":true,"href":"https:\/\/monitoring.patlevic.sk\/index.php?rest_route=%2Fwp%2Fv2%2Fcategories&post=4239"},{"taxonomy":"post_tag","embeddable":true,"href":"https:\/\/monitoring.patlevic.sk\/index.php?rest_route=%2Fwp%2Fv2%2Ftags&post=4239"}],"curies":[{"name":"wp","href":"https:\/\/api.w.org\/{rel}","templated":true}]}}