{"id":2022,"date":"2020-11-09T14:31:11","date_gmt":"2020-11-09T13:31:11","guid":{"rendered":"http:\/\/localhost\/testdb\/?p=2022"},"modified":"2023-01-26T10:43:21","modified_gmt":"2023-01-26T09:43:21","slug":"pridusena-sprava-o-nepridusenom-divadle","status":"publish","type":"post","link":"https:\/\/monitoring.patlevic.sk\/?p=2022","title":{"rendered":"Pridusen\u00e1 spr\u00e1va o nepridusenom divadle"},"content":{"rendered":"<p>&#8222;Festival DIVADLO Plze\u0148 bol jedn\u00fdm z\u00a0m\u00e1la kult\u00farnych podujat\u00ed, ktor\u00e9mu sa tento rok podarilo tesne vyhra\u0165 preteky s\u00a0koronav\u00edrusom \u2013 o\u00a0dva t\u00fd\u017edne nesk\u00f4r by sa (vzh\u013eadom na prudko zhor\u0161en\u00fa epidemiologick\u00fa situ\u00e1ciu v\u00a0\u010ceskej republike) ani neza\u010dal. Prirodzene, pand\u00e9mia vy\u010d\u00ed\u0148ala aj v\u00a0plzenskom programe: Nepri\u0161la najo\u010dak\u00e1vanej\u0161ia hviezda festivalu, Kana\u010fan Robert Lepage, Slovensk\u00e9 n\u00e1rodn\u00e9 divadlo na posledn\u00fa chv\u00ed\u013eu poslalo namiesto tie\u017e ve\u013emi o\u010dak\u00e1vanej inscen\u00e1cie\u00a0<em>Dnes ve\u010der nehr\u00e1me<\/em>\u00a0komorn\u00e9 predstavenie\u00a0<em>Nepolep\u0161en\u00fd sv\u00e4tec.\u00a0<\/em>Naopak, pri\u0161li neboj\u00e1cni Franc\u00fazi s\u00a0autorskou inscen\u00e1ciou\u00a0<em>Triumf l\u00e1sky\u00a0<\/em>od riadite\u013ea Avignonsk\u00e9ho festivalu Oliviera Py. Ale hlavne \u2013 pri\u0161lo, ako ka\u017ed\u00fd rok, to najlep\u0161ie, \u010do sa za minul\u00fa sez\u00f3nu urodilo na \u010desk\u00fdch javisk\u00e1ch&#8220;, nap\u00edsala \u010dlenka SC AICT Martina Ulmanov\u00e1 v \u010dl\u00e1nku pre Kult\u00farny \u017eivot, pr\u00edlohu denn\u00edka SME.<br \/>\nVo svojej report\u00e1\u017ei\u00a0sa venuje detailnej\u0161ie \u00faspe\u0161nej b\u00e1bkovej l\u00ednii festivalovej ponuky, ale predov\u0161etk\u00fdm inscen\u00e1cii, ktor\u00fa poklad\u00e1 za &#8222;druh\u00fd vrchol plzensk\u00e9ho programu&#8220;. T\u00e1 pod\u013ea nej azda nem\u00f4\u017ee by\u0165 od hrav\u00fdch b\u00e1bkarsk\u00fdch inscen\u00e1ci\u00ed odli\u0161nej\u0161ia. &#8222;Nie je l\u00e1skav\u00e1, nie je ani trochu pre deti a\u00a0pri jej sledovan\u00ed neviete, \u010do sk\u00f4r: smia\u0165 sa, plaka\u0165 alebo vraca\u0165. A to doslova, lebo jedna z\u00a0troch hrdiniek neprestajne sugest\u00edvne opisuje z\u00e1\u017eitky s\u00a0vyberan\u00edm upchat\u00fdch z\u00e1chodov, ktor\u00e9 rob\u00ed z\u00e1sadne bez rukav\u00edc. Pod\u013ea tejto extr\u00e9mne kuri\u00f3znej postavy ka\u017ed\u00fd divadeln\u00fd fajn\u0161meker u\u017e bezpe\u010dne pozn\u00e1, \u017ee z\u00a0brnianskeho HaDivadla do Plzne dorazili\u00a0<em>Prezidentky.<\/em><br \/>\nUlmanov\u00e1 \u010falej pripom\u00edna, \u017ee Schwabova fam\u00f3zna hra\u00a0<em>Prezidentky\u00a0<\/em>s\u00edce existuje v\u00a0skvelom slovenskom preklade Martina Porubjaka, tunaj\u0161\u00edmi javiskami sa v\u0161ak iba mihla raz ako \u0161kolsk\u00e9 predstavenie a\u00a0raz ako inscen\u00e1cia Divadla a.ha. v\u00a0po\u010dte \u0161tyroch repr\u00edz. &#8222;A\u00a0niet sa \u010domu \u010dudova\u0165: V\u00a0krajine, kde div\u00e1ci ozlomkrky be\u017eali na muzik\u00e1lov\u00e9 sla\u010f\u00e1ky\u00a0<em>Povolanie: p\u00e1pe\u017e<\/em>\u00a0\u010di\u00a0<em>Evanjelium o\u00a0M\u00e1rii<\/em>, \u0165a\u017eko o\u010dak\u00e1va\u0165, \u017ee publikum zatlieska \u010dierno\u010diernej satire na takzvan\u00fa \u013eudov\u00fa zbo\u017enos\u0165, z\u00a0ktorej pr\u00fd\u0161ti zmes z\u00farivosti a\u00a0z\u00fafalstva zo stavu spolo\u010dnosti, ktor\u00e1 ako keby utopila du\u0161u v\u00a0n\u00e1bo\u017eenskom a politickom g\u00fd\u010di.&#8220; Viac sa do\u010d\u00edtate v samotnom \u010dl\u00e1nku, ktor\u00fd vy\u0161iel v okt\u00f3brovom \u010d\u00edsle K\u017d, \u010d. 10 (3. ro\u010dn\u00edk).\u00a0<a href=\"https:\/\/kultura.sme.sk\/c\/22527983\/pridusena-sprava-o-nepridusenom-divadle.html\" target=\"_blank\" rel=\"noopener\">kultura.sme.sk\/c\/22527983\/pridusena-sprava-o-nepridusenom-divadle.html<\/a><br \/>\n<em>Cestu autorky na festival v Plzni podporil z verejn\u00fdch zdrojov Fond na podporu umenia v r\u00e1mci projektu Mobility kritikov Slovensk\u00e9ho centra AICT.<\/em><\/p>\n","protected":false},"excerpt":{"rendered":"<p>&#8222;Festival DIVADLO Plze\u0148 bol jedn\u00fdm z m\u00e1la kult\u00farnych podujat\u00ed, ktor\u00e9mu sa tento rok podarilo tesne vyhra\u0165 preteky s koronav\u00edrusom \u2013 o dva t\u00fd\u017edne nesk\u00f4r by sa (vzh\u013eadom na prudko zhor\u0161en\u00fa epidemiologick\u00fa situ\u00e1ciu v \u010ceskej republike) ani neza\u010dal. <\/p>\n","protected":false},"author":1,"featured_media":0,"comment_status":"open","ping_status":"open","sticky":false,"template":"","format":"standard","meta":{"footnotes":"","_links_to":"","_links_to_target":""},"categories":[115],"tags":[],"class_list":["post-2022","post","type-post","status-publish","format-standard","hentry","category-zahranicne-aktivity"],"_links":{"self":[{"href":"https:\/\/monitoring.patlevic.sk\/index.php?rest_route=\/wp\/v2\/posts\/2022","targetHints":{"allow":["GET"]}}],"collection":[{"href":"https:\/\/monitoring.patlevic.sk\/index.php?rest_route=\/wp\/v2\/posts"}],"about":[{"href":"https:\/\/monitoring.patlevic.sk\/index.php?rest_route=\/wp\/v2\/types\/post"}],"author":[{"embeddable":true,"href":"https:\/\/monitoring.patlevic.sk\/index.php?rest_route=\/wp\/v2\/users\/1"}],"replies":[{"embeddable":true,"href":"https:\/\/monitoring.patlevic.sk\/index.php?rest_route=%2Fwp%2Fv2%2Fcomments&post=2022"}],"version-history":[{"count":1,"href":"https:\/\/monitoring.patlevic.sk\/index.php?rest_route=\/wp\/v2\/posts\/2022\/revisions"}],"predecessor-version":[{"id":2144,"href":"https:\/\/monitoring.patlevic.sk\/index.php?rest_route=\/wp\/v2\/posts\/2022\/revisions\/2144"}],"wp:attachment":[{"href":"https:\/\/monitoring.patlevic.sk\/index.php?rest_route=%2Fwp%2Fv2%2Fmedia&parent=2022"}],"wp:term":[{"taxonomy":"category","embeddable":true,"href":"https:\/\/monitoring.patlevic.sk\/index.php?rest_route=%2Fwp%2Fv2%2Fcategories&post=2022"},{"taxonomy":"post_tag","embeddable":true,"href":"https:\/\/monitoring.patlevic.sk\/index.php?rest_route=%2Fwp%2Fv2%2Ftags&post=2022"}],"curies":[{"name":"wp","href":"https:\/\/api.w.org\/{rel}","templated":true}]}}