{"id":2012,"date":"2020-02-26T14:26:44","date_gmt":"2020-02-26T13:26:44","guid":{"rendered":"http:\/\/localhost\/testdb\/?p=2012"},"modified":"2023-01-27T08:20:33","modified_gmt":"2023-01-27T07:20:33","slug":"iti-a-aict-iatc-podpisali-memorandum-o-porozumeni","status":"publish","type":"post","link":"https:\/\/monitoring.patlevic.sk\/?p=2012","title":{"rendered":"ITI a AICT-IATC podp\u00edsali Memorandum o porozumen\u00ed"},"content":{"rendered":"<div class=\"fusion-fullwidth fullwidth-box fusion-builder-row-1 fusion-flex-container nonhundred-percent-fullwidth non-hundred-percent-height-scrolling\" style=\"background-color: rgba(255,255,255,0);background-position: center center;background-repeat: no-repeat;border-width: 0px 0px 0px 0px;border-color:#e2e2e2;border-style:solid;\" ><div class=\"fusion-builder-row fusion-row fusion-flex-align-items-flex-start\" style=\"max-width:1248px;margin-left: calc(-4% \/ 2 );margin-right: calc(-4% \/ 2 );\"><div class=\"fusion-layout-column fusion_builder_column fusion-builder-column-0 fusion_builder_column_1_1 1_1 fusion-flex-column\"><div class=\"fusion-column-wrapper fusion-flex-justify-content-flex-start fusion-content-layout-column\" style=\"background-position:left top;background-repeat:no-repeat;-webkit-background-size:cover;-moz-background-size:cover;-o-background-size:cover;background-size:cover;padding: 0px 0px 0px 0px;\"><div class=\"fusion-text fusion-text-1\"><div class=\"news-text-wrap\">Medzin\u00e1rodn\u00fd divadeln\u00fd in\u0161tit\u00fat \u2013 International Theatre Institute (ITI) pod veden\u00edm gener\u00e1lneho riadite\u013ea Tobiasa Bianconeho a\u00a0Medzin\u00e1rodn\u00e9 zdru\u017eenie divadeln\u00fdch kritikov \u2013International Association of Theatre Critics (AICT-IATC) zast\u00fapen\u00e9 prezidentkou AICT-IATC Margaretou Sorensenovou podp\u00edsali partnerstvo s\u00a0n\u00e1zvom Memorandum o\u00a0porozumen\u00ed \u2013 Memorandum of Understanding (MoU).<br \/>\nMemorandum o porozumen\u00ed odr\u00e1\u017ea \u017eelania oboch organiz\u00e1ci\u00ed \u00fazko spolupracova\u0165 a je zalo\u017een\u00e9 na cie\u013eoch organiz\u00e1ci\u00ed a zd\u00f4raz\u0148uje hlavn\u00e9 oblasti vz\u00e1jomnej spolupr\u00e1ce a v\u00fdmeny inform\u00e1ci\u00ed. Roz\u0161\u00edri mo\u017enosti propag\u00e1cie oboch organiz\u00e1ci\u00ed, prinesie kongresy, konferencie, hovory, \u0161peci\u00e1lne podujatia a podobn\u00e9 aktivity.<br \/>\nCie\u013eom spolupr\u00e1ce ITI a AICT-IATC je pr\u00e1ca pre UNESCO Convenciu pre zabezpe\u010denie ochrany nehmotn\u00e9ho kult\u00farneho dedi\u010dstva (2003); Dohovor UNESCO o ochrane a podpore rozmanitosti kult\u00farnych prejavov (2005); \u0161tat\u00fat umelca (1980); a podporova\u0165 ciele UNESCO v oblasti umeleck\u00e9ho vzdel\u00e1vania, ktor\u00e9 s\u00fa obsiahnut\u00e9 v jeho cestovnej mape pre umeleck\u00e9 vzdel\u00e1vanie (2006) a Soulskom programe pre umeleck\u00e9 vzdel\u00e1vanie (2010), ako aj v KULT\u00daRE 2030.<br \/>\nPo ratifik\u00e1cii dokumentu MoU je AICT-IATC opr\u00e1vnen\u00e1 pou\u017e\u00edva\u0165 pod\u013ea potreby zna\u010dku Ofici\u00e1lna partnersk\u00e1 organiz\u00e1cia ITI-UNESCO \u2013 Official Partner Organization of ITI-UNESCO\u2028. O\u00a0pou\u017eitie loga UNESCO na konkr\u00e9tny \u00fa\u010del bude musie\u0165 po\u017eiada\u0165 n\u00e1rodn\u00e1 komisia v krajine konania podujatia alebo organiz\u00e1cia UNESCO v Par\u00ed\u017ei.<br \/>\nCel\u00fd text Memoranda o porozumen\u00ed si m\u00f4\u017eete pre\u010d\u00edta\u0165 v pr\u00edlohe.<\/div>\n<div>\n\n\t\t<style type=\"text\/css\">\n\t\t\t#gallery-1 {\n\t\t\t\tmargin: auto;\n\t\t\t}\n\t\t\t#gallery-1 .gallery-item {\n\t\t\t\tfloat: left;\n\t\t\t\tmargin-top: 10px;\n\t\t\t\ttext-align: center;\n\t\t\t\twidth: 50%;\n\t\t\t}\n\t\t\t#gallery-1 img {\n\t\t\t\tborder: 2px solid #cfcfcf;\n\t\t\t}\n\t\t\t#gallery-1 .gallery-caption {\n\t\t\t\tmargin-left: 0;\n\t\t\t}\n\t\t\t\/* see gallery_shortcode() in wp-includes\/media.php *\/\n\t\t<\/style>\n\t\t<div id='gallery-1' class='gallery galleryid-2012 gallery-columns-2 gallery-size-full'><dl class='gallery-item'>\n\t\t\t<dt class='gallery-icon portrait'>\n\t\t\t\t<a data-rel=\"iLightbox[postimages]\" data-title=\"\" data-caption=\"\" href='https:\/\/monitoring.patlevic.sk\/wp-content\/uploads\/2020\/02\/csm_MoU_IATC_and_ITI_AICT-IATC-ok_15815__1_936dda9ef8.gif'><img decoding=\"async\" width=\"555\" height=\"786\" src=\"data:image\/svg+xml,%3Csvg%20xmlns%3D%27http%3A%2F%2Fwww.w3.org%2F2000%2Fsvg%27%20width%3D%27555%27%20height%3D%27786%27%20viewBox%3D%270%200%20555%20786%27%3E%3Crect%20width%3D%27555%27%20height%3D%27786%27%20fill-opacity%3D%220%22%2F%3E%3C%2Fsvg%3E\" class=\"attachment-full size-full lazyload\" alt=\"\" data-orig-src=\"https:\/\/monitoring.patlevic.sk\/wp-content\/uploads\/2020\/02\/csm_MoU_IATC_and_ITI_AICT-IATC-ok_15815__1_936dda9ef8.gif\" \/><\/a>\n\t\t\t<\/dt><\/dl><dl class='gallery-item'>\n\t\t\t<dt class='gallery-icon portrait'>\n\t\t\t\t<a data-rel=\"iLightbox[postimages]\" data-title=\"\" data-caption=\"\" href='https:\/\/monitoring.patlevic.sk\/wp-content\/uploads\/2020\/02\/csm_MoU_IATC_and_ITI_AICT-IATC-ok_15815__2_23ca40ad01.gif'><img decoding=\"async\" width=\"555\" height=\"786\" src=\"data:image\/svg+xml,%3Csvg%20xmlns%3D%27http%3A%2F%2Fwww.w3.org%2F2000%2Fsvg%27%20width%3D%27555%27%20height%3D%27786%27%20viewBox%3D%270%200%20555%20786%27%3E%3Crect%20width%3D%27555%27%20height%3D%27786%27%20fill-opacity%3D%220%22%2F%3E%3C%2Fsvg%3E\" class=\"attachment-full size-full lazyload\" alt=\"\" data-orig-src=\"https:\/\/monitoring.patlevic.sk\/wp-content\/uploads\/2020\/02\/csm_MoU_IATC_and_ITI_AICT-IATC-ok_15815__2_23ca40ad01.gif\" \/><\/a>\n\t\t\t<\/dt><\/dl><br style=\"clear: both\" \/><dl class='gallery-item'>\n\t\t\t<dt class='gallery-icon portrait'>\n\t\t\t\t<a data-rel=\"iLightbox[postimages]\" data-title=\"-IATC-ok_15815__07a2587212\" data-caption=\"\" href='https:\/\/monitoring.patlevic.sk\/wp-content\/uploads\/2020\/02\/csm_MoU_IATC_and_ITI_AICT-IATC-ok_15815__07a2587212.gif'><img decoding=\"async\" width=\"555\" height=\"786\" src=\"data:image\/svg+xml,%3Csvg%20xmlns%3D%27http%3A%2F%2Fwww.w3.org%2F2000%2Fsvg%27%20width%3D%27555%27%20height%3D%27786%27%20viewBox%3D%270%200%20555%20786%27%3E%3Crect%20width%3D%27555%27%20height%3D%27786%27%20fill-opacity%3D%220%22%2F%3E%3C%2Fsvg%3E\" class=\"attachment-full size-full lazyload\" alt=\"\" data-orig-src=\"https:\/\/monitoring.patlevic.sk\/wp-content\/uploads\/2020\/02\/csm_MoU_IATC_and_ITI_AICT-IATC-ok_15815__07a2587212.gif\" \/><\/a>\n\t\t\t<\/dt><\/dl>\n\t\t\t<br style='clear: both' \/>\n\t\t<\/div>\n\n<\/div>\n<\/div><\/div><style type=\"text\/css\">.fusion-body .fusion-builder-column-0{width:100% !important;margin-top : 0px;margin-bottom : 0px;}.fusion-builder-column-0 > .fusion-column-wrapper {padding-top : 0px !important;padding-right : 0px !important;margin-right : 1.92%;padding-bottom : 0px !important;padding-left : 0px !important;margin-left : 1.92%;}@media only screen and (max-width:1024px) {.fusion-body .fusion-builder-column-0{width:100% !important;}.fusion-builder-column-0 > .fusion-column-wrapper {margin-right : 1.92%;margin-left : 1.92%;}}@media only screen and (max-width:640px) {.fusion-body .fusion-builder-column-0{width:100% !important;}.fusion-builder-column-0 > .fusion-column-wrapper {margin-right : 1.92%;margin-left : 1.92%;}}<\/style><\/div><\/div><style type=\"text\/css\">.fusion-body .fusion-flex-container.fusion-builder-row-1{ padding-top : 0px;margin-top : 0px;padding-right : 0px;padding-bottom : 0px;margin-bottom : 0px;padding-left : 0px;}<\/style><\/div>\n","protected":false},"excerpt":{"rendered":"<p>Medzin\u00e1rodn\u00fd divadeln\u00fd in\u0161tit\u00fat \u2013 International Theatre Institute (ITI) pod veden\u00edm gener\u00e1lneho riadite\u013ea Tobiasa Bianconeho a Medzin\u00e1rodn\u00e9 zdru\u017eenie divadeln\u00fdch kritikov \u2013International Association of Theatre Critics (AICT-IATC) zast\u00fapen\u00e9 prezidentkou AICT-IATC Margaretou Sorensenovou podp\u00edsali partnerstvo s n\u00e1zvom Memorandum o porozumen\u00ed \u2013 Memorandum of Understanding (MoU).<\/p>\n","protected":false},"author":1,"featured_media":0,"comment_status":"open","ping_status":"open","sticky":false,"template":"","format":"standard","meta":{"footnotes":"","_links_to":"","_links_to_target":""},"categories":[108],"tags":[],"class_list":["post-2012","post","type-post","status-publish","format-standard","hentry","category-aktuality"],"_links":{"self":[{"href":"https:\/\/monitoring.patlevic.sk\/index.php?rest_route=\/wp\/v2\/posts\/2012","targetHints":{"allow":["GET"]}}],"collection":[{"href":"https:\/\/monitoring.patlevic.sk\/index.php?rest_route=\/wp\/v2\/posts"}],"about":[{"href":"https:\/\/monitoring.patlevic.sk\/index.php?rest_route=\/wp\/v2\/types\/post"}],"author":[{"embeddable":true,"href":"https:\/\/monitoring.patlevic.sk\/index.php?rest_route=\/wp\/v2\/users\/1"}],"replies":[{"embeddable":true,"href":"https:\/\/monitoring.patlevic.sk\/index.php?rest_route=%2Fwp%2Fv2%2Fcomments&post=2012"}],"version-history":[{"count":4,"href":"https:\/\/monitoring.patlevic.sk\/index.php?rest_route=\/wp\/v2\/posts\/2012\/revisions"}],"predecessor-version":[{"id":4389,"href":"https:\/\/monitoring.patlevic.sk\/index.php?rest_route=\/wp\/v2\/posts\/2012\/revisions\/4389"}],"wp:attachment":[{"href":"https:\/\/monitoring.patlevic.sk\/index.php?rest_route=%2Fwp%2Fv2%2Fmedia&parent=2012"}],"wp:term":[{"taxonomy":"category","embeddable":true,"href":"https:\/\/monitoring.patlevic.sk\/index.php?rest_route=%2Fwp%2Fv2%2Fcategories&post=2012"},{"taxonomy":"post_tag","embeddable":true,"href":"https:\/\/monitoring.patlevic.sk\/index.php?rest_route=%2Fwp%2Fv2%2Ftags&post=2012"}],"curies":[{"name":"wp","href":"https:\/\/api.w.org\/{rel}","templated":true}]}}