{"id":1972,"date":"2017-03-30T14:01:42","date_gmt":"2017-03-30T12:01:42","guid":{"rendered":"http:\/\/localhost\/testdb\/?p=1972"},"modified":"2023-01-27T09:18:08","modified_gmt":"2023-01-27T08:18:08","slug":"prednaska-prima-la-musica-poi-le-parole","status":"publish","type":"post","link":"https:\/\/monitoring.patlevic.sk\/?p=1972","title":{"rendered":"Predn\u00e1\u0161ka Prima la musica, poi le parole (?)"},"content":{"rendered":"<div class=\"fusion-fullwidth fullwidth-box fusion-builder-row-1 fusion-flex-container nonhundred-percent-fullwidth non-hundred-percent-height-scrolling\" style=\"background-color: rgba(255,255,255,0);background-position: center center;background-repeat: no-repeat;border-width: 0px 0px 0px 0px;border-color:#e2e2e2;border-style:solid;\" ><div class=\"fusion-builder-row fusion-row fusion-flex-align-items-flex-start\" style=\"max-width:1248px;margin-left: calc(-4% \/ 2 );margin-right: calc(-4% \/ 2 );\"><div class=\"fusion-layout-column fusion_builder_column fusion-builder-column-0 fusion_builder_column_1_1 1_1 fusion-flex-column\"><div class=\"fusion-column-wrapper fusion-flex-justify-content-flex-start fusion-content-layout-column\" style=\"background-position:left top;background-repeat:no-repeat;-webkit-background-size:cover;-moz-background-size:cover;-o-background-size:cover;background-size:cover;padding: 0px 0px 0px 0px;\"><div class=\"fusion-text fusion-text-1\"><div class=\"news-text-wrap\">Slovensk\u00e9 centrum AICT je stavovsk\u00e9 zdru\u017eenie divadeln\u00fdch kritikov. K\u00a0jeho cie\u013eom \u2013 popri podpore publika\u010dnej \u010dinnosti jednotliv\u00fdch \u010dlenov \u2013 patria aj kultiv\u00e1cia kritiky ako publicistick\u00e9ho \u017e\u00e1nru, aktiviz\u00e1cia nast\u00e1vaj\u00facej gener\u00e1cie divadeln\u00fdch publicistov \u010di zvy\u0161ovanie povedomia slovenskej verejnosti o\u00a0divadelnej reflexii. V\u0161etky menovan\u00e9 amb\u00edcie sa stret\u00e1vaj\u00fa vo vzdel\u00e1vacom\u00a0cykle Kriticky o\u00a0kritike, ktor\u00fd z\u00a0verejn\u00fdch zdrojov podporil Fond na podporu umenia.<br \/>\nCyklus je koncipovan\u00fd ako viacro\u010dn\u00fd projekt predn\u00e1\u0161ok na\u00a0t\u00e9my, ktor\u00e9 s\u00fa i pre akt\u00edvnych publicistov menej zn\u00e1me \u010di okrajov\u00e9. A\u00a0ke\u010f\u017ee k\u00a0tak\u00fdmto t\u00e9mam patr\u00ed aj opern\u00e9 divadlo s\u00a0jeho terminologick\u00fdmi a praktick\u00fdmi \u0161pecifikami, prv\u00e1 z\u00a0predn\u00e1\u0161ok cyklu Kriticky o\u00a0kritike je venovan\u00e1 pr\u00e1ve opere.<br \/>\nPoz\u00fdvame v\u00e1s\u00a0utorok popoludn\u00ed do Semin\u00e1rnej s\u00e1ly Univerzitnej kni\u017enice. V\u00edtan\u00ed s\u00fa \u0161tudenti stredn\u00fdch a vysok\u00fdch \u0161k\u00f4l umeleck\u00e9ho, estetick\u00e9ho, liter\u00e1rneho a\u00a0\u017eurnalistick\u00e9ho zamerania, divadeln\u00ed kritici, redaktori kult\u00farnych rubr\u00edk printov\u00fdch aj internetov\u00fdch m\u00e9di\u00ed, ale tie\u017e \u0161ir\u0161ia verejnos\u0165 so z\u00e1ujmom o\u00a0divadlo a\u00a0divadeln\u00fa reflexiu. Ako m\u00f4\u017ee napoveda\u0165 u\u017e n\u00e1zov predn\u00e1\u0161ky \u201ePrima la musica, poi le parole (?)\u201c, budeme sa na nej nielen rozpr\u00e1va\u0165, ale zaznie aj viacero hudobn\u00fdch uk\u00e1\u017eok.<br \/>\nPo predn\u00e1\u0161ke sa uskuto\u010dn\u00ed v\u00fdro\u010dn\u00e1 sch\u00f4dza Slovensk\u00e9ho centra AICT.<\/div>\n<div><\/div>\n<div>\n<div class=\"image-column col-md-6\"><\/div>\n<div class=\"image-column col-md-6\">\n\n\t\t<style type=\"text\/css\">\n\t\t\t#gallery-1 {\n\t\t\t\tmargin: auto;\n\t\t\t}\n\t\t\t#gallery-1 .gallery-item {\n\t\t\t\tfloat: left;\n\t\t\t\tmargin-top: 10px;\n\t\t\t\ttext-align: center;\n\t\t\t\twidth: 50%;\n\t\t\t}\n\t\t\t#gallery-1 img {\n\t\t\t\tborder: 2px solid #cfcfcf;\n\t\t\t}\n\t\t\t#gallery-1 .gallery-caption {\n\t\t\t\tmargin-left: 0;\n\t\t\t}\n\t\t\t\/* see gallery_shortcode() in wp-includes\/media.php *\/\n\t\t<\/style>\n\t\t<div id='gallery-1' class='gallery galleryid-1972 gallery-columns-2 gallery-size-full'><dl class='gallery-item'>\n\t\t\t<dt class='gallery-icon portrait'>\n\t\t\t\t<a data-rel=\"iLightbox[postimages]\" data-title=\"\" data-caption=\"\" href='https:\/\/monitoring.patlevic.sk\/wp-content\/uploads\/2017\/03\/csm_prednaska_d04913c206.jpg'><img decoding=\"async\" width=\"555\" height=\"833\" src=\"https:\/\/monitoring.patlevic.sk\/wp-content\/uploads\/2017\/03\/csm_prednaska_d04913c206.jpg\" class=\"attachment-full size-full lazyload\" alt=\"\" srcset=\"data:image\/svg+xml,%3Csvg%20xmlns%3D%27http%3A%2F%2Fwww.w3.org%2F2000%2Fsvg%27%20width%3D%27555%27%20height%3D%27833%27%20viewBox%3D%270%200%20555%20833%27%3E%3Crect%20width%3D%27555%27%20height%3D%27833%27%20fill-opacity%3D%220%22%2F%3E%3C%2Fsvg%3E\" data-orig-src=\"https:\/\/monitoring.patlevic.sk\/wp-content\/uploads\/2017\/03\/csm_prednaska_d04913c206.jpg\" data-srcset=\"https:\/\/monitoring.patlevic.sk\/wp-content\/uploads\/2017\/03\/csm_prednaska_d04913c206-200x300.jpg 200w, https:\/\/monitoring.patlevic.sk\/wp-content\/uploads\/2017\/03\/csm_prednaska_d04913c206-400x600.jpg 400w, https:\/\/monitoring.patlevic.sk\/wp-content\/uploads\/2017\/03\/csm_prednaska_d04913c206.jpg 555w\" data-sizes=\"auto\" \/><\/a>\n\t\t\t<\/dt><\/dl><dl class='gallery-item'>\n\t\t\t<dt class='gallery-icon landscape'>\n\t\t\t\t<a data-rel=\"iLightbox[postimages]\" data-title=\"\" data-caption=\"\" href='https:\/\/monitoring.patlevic.sk\/wp-content\/uploads\/2017\/03\/csm_FPU_logo1_modre_cebc228fd6.jpg'><img decoding=\"async\" width=\"555\" height=\"417\" src=\"https:\/\/monitoring.patlevic.sk\/wp-content\/uploads\/2017\/03\/csm_FPU_logo1_modre_cebc228fd6.jpg\" class=\"attachment-full size-full lazyload\" alt=\"\" srcset=\"data:image\/svg+xml,%3Csvg%20xmlns%3D%27http%3A%2F%2Fwww.w3.org%2F2000%2Fsvg%27%20width%3D%27555%27%20height%3D%27417%27%20viewBox%3D%270%200%20555%20417%27%3E%3Crect%20width%3D%27555%27%20height%3D%27417%27%20fill-opacity%3D%220%22%2F%3E%3C%2Fsvg%3E\" data-orig-src=\"https:\/\/monitoring.patlevic.sk\/wp-content\/uploads\/2017\/03\/csm_FPU_logo1_modre_cebc228fd6.jpg\" data-srcset=\"https:\/\/monitoring.patlevic.sk\/wp-content\/uploads\/2017\/03\/csm_FPU_logo1_modre_cebc228fd6-200x150.jpg 200w, https:\/\/monitoring.patlevic.sk\/wp-content\/uploads\/2017\/03\/csm_FPU_logo1_modre_cebc228fd6-300x225.jpg 300w, https:\/\/monitoring.patlevic.sk\/wp-content\/uploads\/2017\/03\/csm_FPU_logo1_modre_cebc228fd6-400x301.jpg 400w, https:\/\/monitoring.patlevic.sk\/wp-content\/uploads\/2017\/03\/csm_FPU_logo1_modre_cebc228fd6.jpg 555w\" data-sizes=\"auto\" \/><\/a>\n\t\t\t<\/dt><\/dl><br style=\"clear: both\" \/>\n\t\t<\/div>\n\n<\/div>\n<\/div>\n<\/div><\/div><style type=\"text\/css\">.fusion-body .fusion-builder-column-0{width:100% !important;margin-top : 0px;margin-bottom : 0px;}.fusion-builder-column-0 > .fusion-column-wrapper {padding-top : 0px !important;padding-right : 0px !important;margin-right : 1.92%;padding-bottom : 0px !important;padding-left : 0px !important;margin-left : 1.92%;}@media only screen and (max-width:1024px) {.fusion-body .fusion-builder-column-0{width:100% !important;}.fusion-builder-column-0 > .fusion-column-wrapper {margin-right : 1.92%;margin-left : 1.92%;}}@media only screen and (max-width:640px) {.fusion-body .fusion-builder-column-0{width:100% !important;}.fusion-builder-column-0 > .fusion-column-wrapper {margin-right : 1.92%;margin-left : 1.92%;}}<\/style><\/div><\/div><style type=\"text\/css\">.fusion-body .fusion-flex-container.fusion-builder-row-1{ padding-top : 0px;margin-top : 0px;padding-right : 0px;padding-bottom : 0px;margin-bottom : 0px;padding-left : 0px;}<\/style><\/div>\n","protected":false},"excerpt":{"rendered":"<p>Slovensk\u00e9 centrum AICT je stavovsk\u00e9 zdru\u017eenie divadeln\u00fdch kritikov. K jeho cie\u013eom \u2013 popri podpore publika\u010dnej \u010dinnosti jednotliv\u00fdch \u010dlenov \u2013 patria aj kultiv\u00e1cia kritiky ako publicistick\u00e9ho \u017e\u00e1nru, aktiviz\u00e1cia nast\u00e1vaj\u00facej gener\u00e1cie divadeln\u00fdch publicistov \u010di zvy\u0161ovanie povedomia slovenskej verejnosti o divadelnej reflexii.<\/p>\n","protected":false},"author":1,"featured_media":0,"comment_status":"open","ping_status":"open","sticky":false,"template":"","format":"standard","meta":{"footnotes":"","_links_to":"","_links_to_target":""},"categories":[108],"tags":[],"class_list":["post-1972","post","type-post","status-publish","format-standard","hentry","category-aktuality"],"_links":{"self":[{"href":"https:\/\/monitoring.patlevic.sk\/index.php?rest_route=\/wp\/v2\/posts\/1972","targetHints":{"allow":["GET"]}}],"collection":[{"href":"https:\/\/monitoring.patlevic.sk\/index.php?rest_route=\/wp\/v2\/posts"}],"about":[{"href":"https:\/\/monitoring.patlevic.sk\/index.php?rest_route=\/wp\/v2\/types\/post"}],"author":[{"embeddable":true,"href":"https:\/\/monitoring.patlevic.sk\/index.php?rest_route=\/wp\/v2\/users\/1"}],"replies":[{"embeddable":true,"href":"https:\/\/monitoring.patlevic.sk\/index.php?rest_route=%2Fwp%2Fv2%2Fcomments&post=1972"}],"version-history":[{"count":4,"href":"https:\/\/monitoring.patlevic.sk\/index.php?rest_route=\/wp\/v2\/posts\/1972\/revisions"}],"predecessor-version":[{"id":4494,"href":"https:\/\/monitoring.patlevic.sk\/index.php?rest_route=\/wp\/v2\/posts\/1972\/revisions\/4494"}],"wp:attachment":[{"href":"https:\/\/monitoring.patlevic.sk\/index.php?rest_route=%2Fwp%2Fv2%2Fmedia&parent=1972"}],"wp:term":[{"taxonomy":"category","embeddable":true,"href":"https:\/\/monitoring.patlevic.sk\/index.php?rest_route=%2Fwp%2Fv2%2Fcategories&post=1972"},{"taxonomy":"post_tag","embeddable":true,"href":"https:\/\/monitoring.patlevic.sk\/index.php?rest_route=%2Fwp%2Fv2%2Ftags&post=1972"}],"curies":[{"name":"wp","href":"https:\/\/api.w.org\/{rel}","templated":true}]}}