{"id":1954,"date":"2015-06-02T13:52:22","date_gmt":"2015-06-02T11:52:22","guid":{"rendered":"http:\/\/localhost\/testdb\/?p=1954"},"modified":"2023-01-26T11:29:57","modified_gmt":"2023-01-26T10:29:57","slug":"sprava-z-celosvetoveho-kongresu-aict-iatc","status":"publish","type":"post","link":"https:\/\/monitoring.patlevic.sk\/?p=1954","title":{"rendered":"Spr\u00e1va z celosvetov\u00e9ho kongresu AICT-IATC"},"content":{"rendered":"<p>\u010clenky v\u00fdboru SC AICT D\u00e1ria F. Feh\u00e9rov\u00e1 a\u00a0Zuzana Uli\u010dianska sa v okt\u00f3bri 2014 z\u00fa\u010dastnili na celosvetovom kongrese Medzin\u00e1rodnej asoci\u00e1cie divadeln\u00fdch kritikov AICT-IATC. Podstatnou s\u00fa\u010das\u0165ou kongresu bolo symp\u00f3zium na t\u00e9mu Profesia kritika v\u00a0\u00e9re internetu.<br \/>\nD\u00e1ria F. Feh\u00e9rov\u00e1 vyst\u00fapila v\u00a0druhom bloku symp\u00f3zia s\u00a0pr\u00edspevkom Monitoring divadiel na Slovensku ako sp\u00f4sob re\u0161tartovania slovenskej kritiky. Pr\u00edspevok prijali \u00fa\u010dastn\u00edci ve\u013emi pozit\u00edvne a\u00a0rozvinula sa po \u0148om \u017eiv\u00e1 diskusia. Viacer\u00ed zahrani\u010dn\u00ed kolegovia prejavili z\u00e1ujem podobn\u00fd projekt na\u0161tartova\u0165 vo svojich krajin\u00e1ch. Na symp\u00f3ziu sa z\u00fa\u010dastnilo okolo sto host\u00ed z\u00a0cel\u00e9ho sveta.<\/p>\n<p>Samotn\u00fd kongres sa konal 18. 10. 2014. Otvorilo sa na \u0148om nieko\u013eko z\u00e1sadn\u00fdch ot\u00e1zok:<\/p>\n<p>1. \u010clenstvo v\u00a0AICT-IATC<\/p>\n<p>Jednotliv\u00e9 n\u00e1rodn\u00e9 sekcie \u010dasto otv\u00e1raj\u00fa ot\u00e1zku \u010dlenstva: kto m\u00f4\u017ee by\u0165 \u010dlenom AICT-IATC? AICT-IATC akceptuje ofici\u00e1lne n\u00e1rodn\u00e9 sekcie, ale aj individu\u00e1lnych \u010dlenov. Yun-Cheol Kim upozornil, \u017ee \u010dlenom AICT-IATC s\u00fa kritici performat\u00edvnych umen\u00ed, v\u00fdskumn\u00edci, akademici, novin\u00e1ri, nie umelci. Niektor\u00e9 n\u00e1rodn\u00e9 sekcie so \u017eiados\u0165ou o\u00a0\u010dlenstvo po\u017eaduj\u00fa zaslanie publikovan\u00fdch \u010dl\u00e1nkov.<\/p>\n<p>2. \u017durn\u00e1l Critical Stages m\u00e1 probl\u00e9my s\u00a0finan\u010dn\u00fdm zabezpe\u010den\u00edm<\/p>\n<p>Doteraz fungoval na dobrovo\u013en\u00edckej b\u00e1ze pod veden\u00edm prezidenta AICT-IATC Yun-Cheol Kima, ktor\u00fd do pr\u00e1ce zapojil svojich \u0161tudentov. Ak m\u00e1 fungova\u0165 ako seri\u00f3zna platforma, mus\u00ed by\u0165 pr\u00e1ca na \u0148om odme\u0148ovan\u00e1: honor\u00e1re autorom, redak\u010dn\u00e9 pr\u00e1ce (\u017eurn\u00e1l je anglicko-franc\u00fazsky) a\u00a0administrovanie webstr\u00e1nky. Predsedn\u00edctvo navrhlo, aby ka\u017ed\u00e1 n\u00e1rodn\u00e1 sekcia prispievala na \u017eurn\u00e1l sumou 100\u20ac ro\u010dne \u2013 pre SC AICT by to znamenalo zv\u00fd\u0161i\u0165 \u010dlensk\u00e9 o\u00a02\u20ac ro\u010dne (pri 50 \u010dlenoch).<\/p>\n<p>3. Person\u00e1lne zmeny<\/p>\n<p>Doteraj\u0161ia pokladn\u00ed\u010dka Irene Sadowska z\u00a0funkcie odst\u00fapila zo zdravotn\u00fdch d\u00f4vodov. Vzh\u013eadom na jej 16-ro\u010dn\u00fa dobrovo\u013en\u00edcku aktivitu v\u00a0AICT-IATC, bola jej jednohlasne udelen\u00e1 funkcia \u010destnej pokladn\u00ed\u010dky. Za nov\u00e9ho pokladn\u00edka bol zvolen\u00fd St\u00e9phane Gilbart.<br \/>\nSkon\u010dilo sa druh\u00e9 a\u00a0z\u00e1rove\u0148 posledn\u00e9 volebn\u00e9 obdobie prezidenta Yun-Cheol Kima. Za predsedn\u00ed\u010dku AICT-IATC bola zvolen\u00e1 Margareta S\u00f6renson. Za gener\u00e1lneho sekret\u00e1ra bol op\u00e4\u0165 zvolen\u00fd Michel Vais.<\/p>\n<p>4. Vo\u013eby do medzin\u00e1rodn\u00e9ho v\u00fdboru<\/p>\n<p>Uskuto\u010dnili sa aj vo\u013eby to medzin\u00e1rodn\u00e9ho v\u00fdboru AICT-IATC (ExCom), ktor\u00fd bude pracova\u0165 v\u00a0nasledovnom zlo\u017een\u00ed: Jean-Pierre Han (Franc\u00fazsko), Tomasz Milkowski (Po\u013esko), Jeffrey Eric Jenkins (USA), Peng Tao (\u010c\u00edna), Maria S\u00e4k\u00f6 (F\u00ednsko), Mark Brown (Ve\u013ek\u00e1 Brit\u00e1nia), Deepa Punjani (India), Emmanuel Samu Dandaura (Nig\u00e9ria), Ivan Medenica (Srbsko)<\/p>\n","protected":false},"excerpt":{"rendered":"<p>\u010clenky v\u00fdboru SC AICT D\u00e1ria F. Feh\u00e9rov\u00e1 a\u00a0Zuzana Uli\u010dianska sa v okt\u00f3bri 2014 z\u00fa\u010dastnili na celosvetovom kongrese Medzin\u00e1rodnej asoci\u00e1cie divadeln\u00fdch kritikov AICT-IATC. Podstatnou s\u00fa\u010das\u0165ou kongresu bolo symp\u00f3zium na t\u00e9mu Profesia kritika v\u00a0\u00e9re internetu.<\/p>\n","protected":false},"author":1,"featured_media":0,"comment_status":"open","ping_status":"open","sticky":false,"template":"","format":"standard","meta":{"footnotes":"","_links_to":"","_links_to_target":""},"categories":[108],"tags":[],"class_list":["post-1954","post","type-post","status-publish","format-standard","hentry","category-aktuality"],"_links":{"self":[{"href":"https:\/\/monitoring.patlevic.sk\/index.php?rest_route=\/wp\/v2\/posts\/1954","targetHints":{"allow":["GET"]}}],"collection":[{"href":"https:\/\/monitoring.patlevic.sk\/index.php?rest_route=\/wp\/v2\/posts"}],"about":[{"href":"https:\/\/monitoring.patlevic.sk\/index.php?rest_route=\/wp\/v2\/types\/post"}],"author":[{"embeddable":true,"href":"https:\/\/monitoring.patlevic.sk\/index.php?rest_route=\/wp\/v2\/users\/1"}],"replies":[{"embeddable":true,"href":"https:\/\/monitoring.patlevic.sk\/index.php?rest_route=%2Fwp%2Fv2%2Fcomments&post=1954"}],"version-history":[{"count":2,"href":"https:\/\/monitoring.patlevic.sk\/index.php?rest_route=\/wp\/v2\/posts\/1954\/revisions"}],"predecessor-version":[{"id":4135,"href":"https:\/\/monitoring.patlevic.sk\/index.php?rest_route=\/wp\/v2\/posts\/1954\/revisions\/4135"}],"wp:attachment":[{"href":"https:\/\/monitoring.patlevic.sk\/index.php?rest_route=%2Fwp%2Fv2%2Fmedia&parent=1954"}],"wp:term":[{"taxonomy":"category","embeddable":true,"href":"https:\/\/monitoring.patlevic.sk\/index.php?rest_route=%2Fwp%2Fv2%2Fcategories&post=1954"},{"taxonomy":"post_tag","embeddable":true,"href":"https:\/\/monitoring.patlevic.sk\/index.php?rest_route=%2Fwp%2Fv2%2Ftags&post=1954"}],"curies":[{"name":"wp","href":"https:\/\/api.w.org\/{rel}","templated":true}]}}