{"id":1495,"date":"2017-01-29T11:01:57","date_gmt":"2017-01-29T10:01:57","guid":{"rendered":"http:\/\/localhost\/testdb\/2017\/01\/29\/vysla-monografia-citanie-v-mysli-babkara-a-basnika-jozefa-mokosa\/"},"modified":"2023-01-27T09:19:26","modified_gmt":"2023-01-27T08:19:26","slug":"vysla-monografia-citanie-v-mysli-babkara-a-basnika-jozefa-mokosa","status":"publish","type":"post","link":"https:\/\/monitoring.patlevic.sk\/?p=1495","title":{"rendered":"Vy\u0161la monografia \u010c\u00edtanie v mysli b\u00e1bkara a b\u00e1snika (Jozefa Moko\u0161a)"},"content":{"rendered":"<div class=\"fusion-fullwidth fullwidth-box fusion-builder-row-1 fusion-flex-container nonhundred-percent-fullwidth non-hundred-percent-height-scrolling\" style=\"background-color: rgba(255,255,255,0);background-position: center center;background-repeat: no-repeat;border-width: 0px 0px 0px 0px;border-color:#e2e2e2;border-style:solid;\" ><div class=\"fusion-builder-row fusion-row fusion-flex-align-items-flex-start\" style=\"max-width:1248px;margin-left: calc(-4% \/ 2 );margin-right: calc(-4% \/ 2 );\"><div class=\"fusion-layout-column fusion_builder_column fusion-builder-column-0 fusion_builder_column_1_1 1_1 fusion-flex-column\"><div class=\"fusion-column-wrapper fusion-flex-justify-content-flex-start fusion-content-layout-column\" style=\"background-position:left top;background-repeat:no-repeat;-webkit-background-size:cover;-moz-background-size:cover;-o-background-size:cover;background-size:cover;padding: 0px 0px 0px 0px;\"><div class=\"fusion-text fusion-text-1\"><div id=\"c277\">\n<div class=\"image-intext-right image-intext\">\n<div class=\"image-wrap\">\n\n\t\t<style type=\"text\/css\">\n\t\t\t#gallery-1 {\n\t\t\t\tmargin: auto;\n\t\t\t}\n\t\t\t#gallery-1 .gallery-item {\n\t\t\t\tfloat: left;\n\t\t\t\tmargin-top: 10px;\n\t\t\t\ttext-align: center;\n\t\t\t\twidth: 100%;\n\t\t\t}\n\t\t\t#gallery-1 img {\n\t\t\t\tborder: 2px solid #cfcfcf;\n\t\t\t}\n\t\t\t#gallery-1 .gallery-caption {\n\t\t\t\tmargin-left: 0;\n\t\t\t}\n\t\t\t\/* see gallery_shortcode() in wp-includes\/media.php *\/\n\t\t<\/style>\n\t\t<div id='gallery-1' class='gallery galleryid-1495 gallery-columns-1 gallery-size-full'><dl class='gallery-item'>\n\t\t\t<dt class='gallery-icon portrait'>\n\t\t\t\t<a data-rel=\"iLightbox[postimages]\" data-title=\"\" data-caption=\"\" href='https:\/\/monitoring.patlevic.sk\/wp-content\/uploads\/2017\/01\/csm_Citanie_v_mysli_babkara_a_basnika__Jozefa_Mokosa__499ad63f0b.png'><img decoding=\"async\" width=\"570\" height=\"712\" src=\"https:\/\/monitoring.patlevic.sk\/wp-content\/uploads\/2017\/01\/csm_Citanie_v_mysli_babkara_a_basnika__Jozefa_Mokosa__499ad63f0b.png\" class=\"attachment-full size-full lazyload\" alt=\"\" srcset=\"data:image\/svg+xml,%3Csvg%20xmlns%3D%27http%3A%2F%2Fwww.w3.org%2F2000%2Fsvg%27%20width%3D%27570%27%20height%3D%27712%27%20viewBox%3D%270%200%20570%20712%27%3E%3Crect%20width%3D%27570%27%20height%3D%27712%27%20fill-opacity%3D%220%22%2F%3E%3C%2Fsvg%3E\" data-orig-src=\"https:\/\/monitoring.patlevic.sk\/wp-content\/uploads\/2017\/01\/csm_Citanie_v_mysli_babkara_a_basnika__Jozefa_Mokosa__499ad63f0b.png\" data-srcset=\"https:\/\/monitoring.patlevic.sk\/wp-content\/uploads\/2017\/01\/csm_Citanie_v_mysli_babkara_a_basnika__Jozefa_Mokosa__499ad63f0b-200x250.png 200w, https:\/\/monitoring.patlevic.sk\/wp-content\/uploads\/2017\/01\/csm_Citanie_v_mysli_babkara_a_basnika__Jozefa_Mokosa__499ad63f0b-240x300.png 240w, https:\/\/monitoring.patlevic.sk\/wp-content\/uploads\/2017\/01\/csm_Citanie_v_mysli_babkara_a_basnika__Jozefa_Mokosa__499ad63f0b-400x500.png 400w, https:\/\/monitoring.patlevic.sk\/wp-content\/uploads\/2017\/01\/csm_Citanie_v_mysli_babkara_a_basnika__Jozefa_Mokosa__499ad63f0b.png 570w\" data-sizes=\"auto\" \/><\/a>\n\t\t\t<\/dt><\/dl><br style=\"clear: both\" \/>\n\t\t<\/div>\n\n<\/div>\n<div class=\"text\">\n<p>Kolekt\u00edvna monografia o poprednom slovenskom b\u00e1bkarovi a\u00a0b\u00e1snikovi Jozefovi Moko\u0161ovi vznikla pod veden\u00edm teatrologi\u010dky prof. PhDr. Dagmar In\u0161titorisovej, PhD. a\u00a0autormi \u010fal\u0161\u00edch kapitol s\u00fa: teatrologi\u010dky prof. MgA. Ida Hled\u00edkov\u00e1, PhD. a doc. Mgr., Mgr. art. Barbora Kraj\u010d Zami\u0161kov\u00e1, ArtD., liter\u00e1rni vedci doc. PhDr. Andrea Bokn\u00edkov\u00e1, PhD. a Mgr. Mat\u00fa\u0161 Mik\u0161\u00edk a\u00a0diplomant doc. MgA. J. Moko\u0161a Mgr. art. Peter Tilaj\u010d\u00edk<\/p>\n<p><u>Prv\u00fd tematick\u00fd celok<\/u>\u00a0s n\u00e1zvom\u00a0Dramatick\u00e1 tvorba\u00a0tvoria pr\u00edspevky, ktor\u00e9 sa zaoberaj\u00fa jeho autorsk\u00fdmi aktivitami:<\/p>\n<ul>\n<li>D. In\u0161titorisov\u00e1 sa v kapitole\u00a0<em>Dramatick\u00e1 tvorba pre divadlo, rozhlas, film a telev\u00edziu<\/em>\u00a0venuje dramatick\u00fdm \u00fatvarom, ktor\u00e9 J. Moko\u0161 vytvoril pre deti i\u00a0dospel\u00fdch<\/li>\n<li>Peter Tilaj\u010d\u00edk sa v kapitole\u00a0<em>V Krajskom b\u00e1bkovom divadle Bansk\u00e1 Bystrica<\/em>\u00a0zaober\u00e1 takmer dvadsa\u0165ro\u010dn\u00fdm p\u00f4soben\u00edm J. Moko\u0161a v tomto divadle (1962 \u2013 1981), v\u010faka \u010domu sa stalo zn\u00e1mym nielen v \u010desko-slovenskom divadelnom kontexte.<\/li>\n<li>Z\u00e1ver tvor\u00ed kapitola D. In\u0161titorisovej\u00a0<em>Dramaturgick\u00e9 myslenie ako b\u00e1se\u0148<\/em>, v ktorej s\u00fa pomenov\u00e1van\u00e9 a sumarizovan\u00e9 z\u00e1kladn\u00e9 postupy, ktor\u00e9 s\u00fa sp\u00e4t\u00e9 s dramaturgickou tvorbou J. Moko\u0161a pre detsk\u00e9ho i dospel\u00e9ho div\u00e1ka.<\/li>\n<\/ul>\n<p><u>Druh\u00fd tematick\u00fd blok<\/u>\u00a0s n\u00e1zvom\u00a0B\u00e1snick\u00e1 tvorba\u00a0je zameran\u00fd na b\u00e1snick\u00fa a \u010diasto\u010dne aj prozaick\u00fa tvorbu J. Moko\u0161a:<\/p>\n<ul>\n<li>A. Bokn\u00edkov\u00e1 vytvorila najrozsiahlej\u0161iu kapitolu o\u00a0celej b\u00e1snickej tvorbe J. Moko\u0161a s n\u00e1zvom\u00a0<em>Po\u00e9zia, ktorou sa n\u00e1m prihov\u00e1ra m\u00e1g i d\u00f4vern\u00fd spolo\u010dn\u00edk<\/em>.<\/li>\n<li>M. Mik\u0161\u00edk je autorom kapitoly s n\u00e1zvom\u00a0<em>Ten ist\u00fd b\u00e1snik (K b\u00e1snickej tvorbe pre deti).<\/em><\/li>\n<\/ul>\n<p><u>Tret\u00ed tematick\u00fd blok<\/u>\u00a0s n\u00e1zvom\u00a0Pedagogick\u00e9 aktivity\u00a0sa venuje p\u00f4sobeniu J. Moko\u0161a na Divadelnej fakulte Vysokej \u0161koly m\u00fazick\u00fdch umen\u00ed v\u00a0Bratislave:<\/p>\n<ul>\n<li>B. Kraj\u010d Zami\u0161kov\u00e1 v kapitole s n\u00e1zvom\u00a0<em>Pedag\u00f3g, za ktor\u00e9ho sa oplat\u00ed bojova\u0165<\/em>\u00a0mapuje pedagogick\u00e9 met\u00f3dy J. Moko\u0161a po\u010das v\u00fdu\u010dby predmetov ako autorsk\u00e1 tvorba, r\u00e9\u017eia \u010di dramaturgia a i.<\/li>\n<\/ul>\n<p><u>\u0160tvrt\u00fd tematick\u00fd blok<\/u>\u00a0s n\u00e1zvom\u00a0Autorsk\u00e1 poetika dramatickej a b\u00e1snickej tvorby\u00a0obsahuje pr\u00e1ce J. Moko\u0161a, ktor\u00e9 pom\u00e1haj\u00fa hlb\u0161ie pochopi\u0165 sp\u00f4sob jeho dramaturgick\u00e9ho myslenia.<\/p>\n<p>Osobit\u00fdm typom pr\u00edloh s\u00fa b\u00e1snick\u00e9 a prozaick\u00e9 texty J. Moko\u0161a, ktor\u00e9 odde\u013euj\u00fa od seba jednotliv\u00e9 kapitoly, pr\u00edpadne podkapitoly.<\/p>\n<p>T\u00e9my dop\u013a\u0148a rad podkapitol z pera spolupracovn\u00edkov J. Moko\u0161a ako P. Uher, \u0160. \u0160mihla, \u013d. Vajdi\u010dka, K. Hor\u00e1k, J. Rezn\u00edk, M. K\u00e1ko\u0161, S. Iva\u0161ka, O. Spi\u0161\u00e1k, P. Palik a\u00a0r\u00f4znych odborn\u00edkov ako J. \u010cajkov\u00e1, M. L\u00e1skov\u00e1, I. \u0160kripkov\u00e1 a\u00a0i..<\/p>\n<p>S\u00fa\u010das\u0165ou monografie s\u00fa aj Menn\u00fd register, V\u00fdber z person\u00e1lnej bibliografie Jozefa Moko\u0161a a\u00a0DVD s\u00a0 uk\u00e1\u017ekami z tvorby J. Moko\u0161a a z pr\u00e1c o \u0148om (\u0161tudentsk\u00e9 pr\u00e1ce, teatrologick\u00e9 a liter\u00e1rnovedn\u00e9 pr\u00e1ce M. Jur\u010da at\u010f.)<\/p>\n<p>Monografiu vydalo Slovensk\u00e1 sekcia UNIMA (Union Internationale de la MArionette) \u2013 medzin\u00e1rodn\u00e1 nevl\u00e1dna b\u00e1bkarsk\u00e1 organiz\u00e1cia pri UNESCO v\u00a0spolupr\u00e1ci s\u00a0V\u0160MU Bratislava a vznikla na z\u00e1klade finan\u010dnej podpory Fondu pre umenie a V\u0160MU Bratislava.<\/p>\n<\/div>\n<\/div>\n<\/div>\n<\/div><\/div><style type=\"text\/css\">.fusion-body .fusion-builder-column-0{width:100% !important;margin-top : 0px;margin-bottom : 0px;}.fusion-builder-column-0 > .fusion-column-wrapper {padding-top : 0px !important;padding-right : 0px !important;margin-right : 1.92%;padding-bottom : 0px !important;padding-left : 0px !important;margin-left : 1.92%;}@media only screen and (max-width:1024px) {.fusion-body .fusion-builder-column-0{width:100% !important;}.fusion-builder-column-0 > .fusion-column-wrapper {margin-right : 1.92%;margin-left : 1.92%;}}@media only screen and (max-width:640px) {.fusion-body .fusion-builder-column-0{width:100% !important;}.fusion-builder-column-0 > .fusion-column-wrapper {margin-right : 1.92%;margin-left : 1.92%;}}<\/style><\/div><div class=\"fusion-layout-column fusion_builder_column fusion-builder-column-1 fusion_builder_column_1_1 1_1 fusion-flex-column\"><div class=\"fusion-column-wrapper fusion-flex-justify-content-flex-start fusion-content-layout-column\" style=\"background-position:left top;background-repeat:no-repeat;-webkit-background-size:cover;-moz-background-size:cover;-o-background-size:cover;background-size:cover;padding: 0px 0px 0px 0px;\"><div class=\"fusion-text fusion-text-2\"><div id=\"c277\">\n<div class=\"image-intext-right image-intext\">\n<div class=\"image-wrap\">\n\n\t\t<style type=\"text\/css\">\n\t\t\t#gallery-2 {\n\t\t\t\tmargin: auto;\n\t\t\t}\n\t\t\t#gallery-2 .gallery-item {\n\t\t\t\tfloat: left;\n\t\t\t\tmargin-top: 10px;\n\t\t\t\ttext-align: center;\n\t\t\t\twidth: 100%;\n\t\t\t}\n\t\t\t#gallery-2 img {\n\t\t\t\tborder: 2px solid #cfcfcf;\n\t\t\t}\n\t\t\t#gallery-2 .gallery-caption {\n\t\t\t\tmargin-left: 0;\n\t\t\t}\n\t\t\t\/* see gallery_shortcode() in wp-includes\/media.php *\/\n\t\t<\/style>\n\t\t<div id='gallery-2' class='gallery galleryid-1495 gallery-columns-1 gallery-size-full'><dl class='gallery-item'>\n\t\t\t<dt class='gallery-icon portrait'>\n\t\t\t\t<a data-rel=\"iLightbox[postimages]\" data-title=\"\" data-caption=\"\" href='https:\/\/monitoring.patlevic.sk\/wp-content\/uploads\/2017\/01\/csm_Citanie_v_mysli_babkara_a_basnika__Jozefa_Mokosa__499ad63f0b.png'><img decoding=\"async\" width=\"570\" height=\"712\" src=\"https:\/\/monitoring.patlevic.sk\/wp-content\/uploads\/2017\/01\/csm_Citanie_v_mysli_babkara_a_basnika__Jozefa_Mokosa__499ad63f0b.png\" class=\"attachment-full size-full lazyload\" alt=\"\" srcset=\"data:image\/svg+xml,%3Csvg%20xmlns%3D%27http%3A%2F%2Fwww.w3.org%2F2000%2Fsvg%27%20width%3D%27570%27%20height%3D%27712%27%20viewBox%3D%270%200%20570%20712%27%3E%3Crect%20width%3D%27570%27%20height%3D%27712%27%20fill-opacity%3D%220%22%2F%3E%3C%2Fsvg%3E\" data-orig-src=\"https:\/\/monitoring.patlevic.sk\/wp-content\/uploads\/2017\/01\/csm_Citanie_v_mysli_babkara_a_basnika__Jozefa_Mokosa__499ad63f0b.png\" data-srcset=\"https:\/\/monitoring.patlevic.sk\/wp-content\/uploads\/2017\/01\/csm_Citanie_v_mysli_babkara_a_basnika__Jozefa_Mokosa__499ad63f0b-200x250.png 200w, https:\/\/monitoring.patlevic.sk\/wp-content\/uploads\/2017\/01\/csm_Citanie_v_mysli_babkara_a_basnika__Jozefa_Mokosa__499ad63f0b-240x300.png 240w, https:\/\/monitoring.patlevic.sk\/wp-content\/uploads\/2017\/01\/csm_Citanie_v_mysli_babkara_a_basnika__Jozefa_Mokosa__499ad63f0b-400x500.png 400w, https:\/\/monitoring.patlevic.sk\/wp-content\/uploads\/2017\/01\/csm_Citanie_v_mysli_babkara_a_basnika__Jozefa_Mokosa__499ad63f0b.png 570w\" data-sizes=\"auto\" \/><\/a>\n\t\t\t<\/dt><\/dl><br style=\"clear: both\" \/>\n\t\t<\/div>\n\n<\/div>\n<div class=\"text\">\n<p>Kolekt\u00edvna monografia o poprednom slovenskom b\u00e1bkarovi a\u00a0b\u00e1snikovi Jozefovi Moko\u0161ovi vznikla pod veden\u00edm teatrologi\u010dky prof. PhDr. Dagmar In\u0161titorisovej, PhD. a\u00a0autormi \u010fal\u0161\u00edch kapitol s\u00fa: teatrologi\u010dky prof. MgA. Ida Hled\u00edkov\u00e1, PhD. a doc. Mgr., Mgr. art. Barbora Kraj\u010d Zami\u0161kov\u00e1, ArtD., liter\u00e1rni vedci doc. PhDr. Andrea Bokn\u00edkov\u00e1, PhD. a Mgr. Mat\u00fa\u0161 Mik\u0161\u00edk a\u00a0diplomant doc. MgA. J. Moko\u0161a Mgr. art. Peter Tilaj\u010d\u00edk<\/p>\n<p><u>Prv\u00fd tematick\u00fd celok<\/u>\u00a0s n\u00e1zvom\u00a0Dramatick\u00e1 tvorba\u00a0tvoria pr\u00edspevky, ktor\u00e9 sa zaoberaj\u00fa jeho autorsk\u00fdmi aktivitami:<\/p>\n<ul>\n<li>D. In\u0161titorisov\u00e1 sa v kapitole\u00a0<em>Dramatick\u00e1 tvorba pre divadlo, rozhlas, film a telev\u00edziu<\/em>\u00a0venuje dramatick\u00fdm \u00fatvarom, ktor\u00e9 J. Moko\u0161 vytvoril pre deti i\u00a0dospel\u00fdch<\/li>\n<li>Peter Tilaj\u010d\u00edk sa v kapitole\u00a0<em>V Krajskom b\u00e1bkovom divadle Bansk\u00e1 Bystrica<\/em>\u00a0zaober\u00e1 takmer dvadsa\u0165ro\u010dn\u00fdm p\u00f4soben\u00edm J. Moko\u0161a v tomto divadle (1962 \u2013 1981), v\u010faka \u010domu sa stalo zn\u00e1mym nielen v \u010desko-slovenskom divadelnom kontexte.<\/li>\n<li>Z\u00e1ver tvor\u00ed kapitola D. In\u0161titorisovej\u00a0<em>Dramaturgick\u00e9 myslenie ako b\u00e1se\u0148<\/em>, v ktorej s\u00fa pomenov\u00e1van\u00e9 a sumarizovan\u00e9 z\u00e1kladn\u00e9 postupy, ktor\u00e9 s\u00fa sp\u00e4t\u00e9 s dramaturgickou tvorbou J. Moko\u0161a pre detsk\u00e9ho i dospel\u00e9ho div\u00e1ka.<\/li>\n<\/ul>\n<p><u>Druh\u00fd tematick\u00fd blok<\/u>\u00a0s n\u00e1zvom\u00a0B\u00e1snick\u00e1 tvorba\u00a0je zameran\u00fd na b\u00e1snick\u00fa a \u010diasto\u010dne aj prozaick\u00fa tvorbu J. Moko\u0161a:<\/p>\n<ul>\n<li>A. Bokn\u00edkov\u00e1 vytvorila najrozsiahlej\u0161iu kapitolu o\u00a0celej b\u00e1snickej tvorbe J. Moko\u0161a s n\u00e1zvom\u00a0<em>Po\u00e9zia, ktorou sa n\u00e1m prihov\u00e1ra m\u00e1g i d\u00f4vern\u00fd spolo\u010dn\u00edk<\/em>.<\/li>\n<li>M. Mik\u0161\u00edk je autorom kapitoly s n\u00e1zvom\u00a0<em>Ten ist\u00fd b\u00e1snik (K b\u00e1snickej tvorbe pre deti).<\/em><\/li>\n<\/ul>\n<p><u>Tret\u00ed tematick\u00fd blok<\/u>\u00a0s n\u00e1zvom\u00a0Pedagogick\u00e9 aktivity\u00a0sa venuje p\u00f4sobeniu J. Moko\u0161a na Divadelnej fakulte Vysokej \u0161koly m\u00fazick\u00fdch umen\u00ed v\u00a0Bratislave:<\/p>\n<ul>\n<li>B. Kraj\u010d Zami\u0161kov\u00e1 v kapitole s n\u00e1zvom\u00a0<em>Pedag\u00f3g, za ktor\u00e9ho sa oplat\u00ed bojova\u0165<\/em>\u00a0mapuje pedagogick\u00e9 met\u00f3dy J. Moko\u0161a po\u010das v\u00fdu\u010dby predmetov ako autorsk\u00e1 tvorba, r\u00e9\u017eia \u010di dramaturgia a i.<\/li>\n<\/ul>\n<p><u>\u0160tvrt\u00fd tematick\u00fd blok<\/u>\u00a0s n\u00e1zvom\u00a0Autorsk\u00e1 poetika dramatickej a b\u00e1snickej tvorby\u00a0obsahuje pr\u00e1ce J. Moko\u0161a, ktor\u00e9 pom\u00e1haj\u00fa hlb\u0161ie pochopi\u0165 sp\u00f4sob jeho dramaturgick\u00e9ho myslenia.<\/p>\n<p>Osobit\u00fdm typom pr\u00edloh s\u00fa b\u00e1snick\u00e9 a prozaick\u00e9 texty J. Moko\u0161a, ktor\u00e9 odde\u013euj\u00fa od seba jednotliv\u00e9 kapitoly, pr\u00edpadne podkapitoly.<\/p>\n<p>T\u00e9my dop\u013a\u0148a rad podkapitol z pera spolupracovn\u00edkov J. Moko\u0161a ako P. Uher, \u0160. \u0160mihla, \u013d. Vajdi\u010dka, K. Hor\u00e1k, J. Rezn\u00edk, M. K\u00e1ko\u0161, S. Iva\u0161ka, O. Spi\u0161\u00e1k, P. Palik a\u00a0r\u00f4znych odborn\u00edkov ako J. \u010cajkov\u00e1, M. L\u00e1skov\u00e1, I. \u0160kripkov\u00e1 a\u00a0i..<\/p>\n<p>S\u00fa\u010das\u0165ou monografie s\u00fa aj Menn\u00fd register, V\u00fdber z person\u00e1lnej bibliografie Jozefa Moko\u0161a a\u00a0DVD s\u00a0 uk\u00e1\u017ekami z tvorby J. Moko\u0161a a z pr\u00e1c o \u0148om (\u0161tudentsk\u00e9 pr\u00e1ce, teatrologick\u00e9 a liter\u00e1rnovedn\u00e9 pr\u00e1ce M. Jur\u010da at\u010f.)<\/p>\n<p>Monografiu vydalo Slovensk\u00e1 sekcia UNIMA (Union Internationale de la MArionette) \u2013 medzin\u00e1rodn\u00e1 nevl\u00e1dna b\u00e1bkarsk\u00e1 organiz\u00e1cia pri UNESCO v\u00a0spolupr\u00e1ci s\u00a0V\u0160MU Bratislava a vznikla na z\u00e1klade finan\u010dnej podpory Fondu pre umenie a V\u0160MU Bratislava.<\/p>\n<\/div>\n<\/div>\n<\/div>\n<\/div><\/div><style type=\"text\/css\">.fusion-body .fusion-builder-column-1{width:100% !important;margin-top : 0px;margin-bottom : 0px;}.fusion-builder-column-1 > .fusion-column-wrapper {padding-top : 0px !important;padding-right : 0px !important;margin-right : 1.92%;padding-bottom : 0px !important;padding-left : 0px !important;margin-left : 1.92%;}@media only screen and (max-width:1024px) {.fusion-body .fusion-builder-column-1{width:100% !important;}.fusion-builder-column-1 > .fusion-column-wrapper {margin-right : 1.92%;margin-left : 1.92%;}}@media only screen and (max-width:640px) {.fusion-body .fusion-builder-column-1{width:100% !important;}.fusion-builder-column-1 > .fusion-column-wrapper {margin-right : 1.92%;margin-left : 1.92%;}}<\/style><\/div><\/div><style type=\"text\/css\">.fusion-body .fusion-flex-container.fusion-builder-row-1{ padding-top : 0px;margin-top : 0px;padding-right : 0px;padding-bottom : 0px;margin-bottom : 0px;padding-left : 0px;}<\/style><\/div>\n","protected":false},"excerpt":{"rendered":"<p>Kolekt\u00edvna monografia o poprednom slovenskom b\u00e1bkarovi a b\u00e1snikovi Jozefovi Moko\u0161ovi vznikla pod veden\u00edm teatrologi\u010dky prof. PhDr. Dagmar In\u0161titorisovej, PhD. a autormi \u010fal\u0161\u00edch kapitol s\u00fa: teatrologi\u010dky prof. MgA. Ida Hled\u00edkov\u00e1, PhD. a doc. Mgr., Mgr. art. Barbora Kraj\u010d Zami\u0161kov\u00e1, ArtD., liter\u00e1rni vedci doc. PhDr. Andrea Bokn\u00edkov\u00e1, PhD. a Mgr. Mat\u00fa\u0161 Mik\u0161\u00edk a diplomant doc. MgA. J. Moko\u0161a Mgr. art. Peter Tilaj\u010d\u00edk<\/p>\n","protected":false},"author":1,"featured_media":0,"comment_status":"open","ping_status":"closed","sticky":false,"template":"","format":"standard","meta":{"footnotes":"","_links_to":"","_links_to_target":""},"categories":[108],"tags":[],"class_list":["post-1495","post","type-post","status-publish","format-standard","hentry","category-aktuality"],"_links":{"self":[{"href":"https:\/\/monitoring.patlevic.sk\/index.php?rest_route=\/wp\/v2\/posts\/1495","targetHints":{"allow":["GET"]}}],"collection":[{"href":"https:\/\/monitoring.patlevic.sk\/index.php?rest_route=\/wp\/v2\/posts"}],"about":[{"href":"https:\/\/monitoring.patlevic.sk\/index.php?rest_route=\/wp\/v2\/types\/post"}],"author":[{"embeddable":true,"href":"https:\/\/monitoring.patlevic.sk\/index.php?rest_route=\/wp\/v2\/users\/1"}],"replies":[{"embeddable":true,"href":"https:\/\/monitoring.patlevic.sk\/index.php?rest_route=%2Fwp%2Fv2%2Fcomments&post=1495"}],"version-history":[{"count":4,"href":"https:\/\/monitoring.patlevic.sk\/index.php?rest_route=\/wp\/v2\/posts\/1495\/revisions"}],"predecessor-version":[{"id":4496,"href":"https:\/\/monitoring.patlevic.sk\/index.php?rest_route=\/wp\/v2\/posts\/1495\/revisions\/4496"}],"wp:attachment":[{"href":"https:\/\/monitoring.patlevic.sk\/index.php?rest_route=%2Fwp%2Fv2%2Fmedia&parent=1495"}],"wp:term":[{"taxonomy":"category","embeddable":true,"href":"https:\/\/monitoring.patlevic.sk\/index.php?rest_route=%2Fwp%2Fv2%2Fcategories&post=1495"},{"taxonomy":"post_tag","embeddable":true,"href":"https:\/\/monitoring.patlevic.sk\/index.php?rest_route=%2Fwp%2Fv2%2Ftags&post=1495"}],"curies":[{"name":"wp","href":"https:\/\/api.w.org\/{rel}","templated":true}]}}