{"id":1484,"date":"2014-10-02T10:01:31","date_gmt":"2014-10-02T08:01:31","guid":{"rendered":"http:\/\/localhost\/testdb\/2017\/01\/29\/bienale-divadelnej-fotografie-2014\/"},"modified":"2023-01-27T09:25:17","modified_gmt":"2023-01-27T08:25:17","slug":"bienale-divadelnej-fotografie-2014","status":"publish","type":"post","link":"https:\/\/monitoring.patlevic.sk\/?p=1484","title":{"rendered":"Bien\u00e1le divadelnej fotografie 2014"},"content":{"rendered":"<div class=\"fusion-fullwidth fullwidth-box fusion-builder-row-1 fusion-flex-container nonhundred-percent-fullwidth non-hundred-percent-height-scrolling\" style=\"background-color: rgba(255,255,255,0);background-position: center center;background-repeat: no-repeat;border-width: 0px 0px 0px 0px;border-color:#e2e2e2;border-style:solid;\" ><div class=\"fusion-builder-row fusion-row fusion-flex-align-items-flex-start\" style=\"max-width:1248px;margin-left: calc(-4% \/ 2 );margin-right: calc(-4% \/ 2 );\"><div class=\"fusion-layout-column fusion_builder_column fusion-builder-column-0 fusion_builder_column_1_1 1_1 fusion-flex-column\"><div class=\"fusion-column-wrapper fusion-flex-justify-content-flex-start fusion-content-layout-column\" style=\"background-position:left top;background-repeat:no-repeat;-webkit-background-size:cover;-moz-background-size:cover;-o-background-size:cover;background-size:cover;padding: 0px 0px 0px 0px;\"><div class=\"fusion-text fusion-text-1\">\n\t\t<style type=\"text\/css\">\n\t\t\t#gallery-1 {\n\t\t\t\tmargin: auto;\n\t\t\t}\n\t\t\t#gallery-1 .gallery-item {\n\t\t\t\tfloat: left;\n\t\t\t\tmargin-top: 10px;\n\t\t\t\ttext-align: center;\n\t\t\t\twidth: 100%;\n\t\t\t}\n\t\t\t#gallery-1 img {\n\t\t\t\tborder: 2px solid #cfcfcf;\n\t\t\t}\n\t\t\t#gallery-1 .gallery-caption {\n\t\t\t\tmargin-left: 0;\n\t\t\t}\n\t\t\t\/* see gallery_shortcode() in wp-includes\/media.php *\/\n\t\t<\/style>\n\t\t<div id='gallery-1' class='gallery galleryid-1484 gallery-columns-1 gallery-size-medium'><dl class='gallery-item'>\n\t\t\t<dt class='gallery-icon portrait'>\n\t\t\t\t<a data-rel=\"iLightbox[postimages]\" data-title=\"\" data-caption=\"\" href='https:\/\/monitoring.patlevic.sk\/wp-content\/uploads\/2014\/10\/csm_plagat_print_bdf_final_581b89507a.jpg'><img decoding=\"async\" width=\"215\" height=\"300\" src=\"https:\/\/monitoring.patlevic.sk\/wp-content\/uploads\/2014\/10\/csm_plagat_print_bdf_final_581b89507a-215x300.jpg\" class=\"attachment-medium size-medium lazyload\" alt=\"\" srcset=\"data:image\/svg+xml,%3Csvg%20xmlns%3D%27http%3A%2F%2Fwww.w3.org%2F2000%2Fsvg%27%20width%3D%27570%27%20height%3D%27795%27%20viewBox%3D%270%200%20570%20795%27%3E%3Crect%20width%3D%27570%27%20height%3D%27795%27%20fill-opacity%3D%220%22%2F%3E%3C%2Fsvg%3E\" data-orig-src=\"https:\/\/monitoring.patlevic.sk\/wp-content\/uploads\/2014\/10\/csm_plagat_print_bdf_final_581b89507a-215x300.jpg\" data-srcset=\"https:\/\/monitoring.patlevic.sk\/wp-content\/uploads\/2014\/10\/csm_plagat_print_bdf_final_581b89507a-200x279.jpg 200w, https:\/\/monitoring.patlevic.sk\/wp-content\/uploads\/2014\/10\/csm_plagat_print_bdf_final_581b89507a-215x300.jpg 215w, https:\/\/monitoring.patlevic.sk\/wp-content\/uploads\/2014\/10\/csm_plagat_print_bdf_final_581b89507a-400x558.jpg 400w, https:\/\/monitoring.patlevic.sk\/wp-content\/uploads\/2014\/10\/csm_plagat_print_bdf_final_581b89507a.jpg 570w\" data-sizes=\"auto\" \/><\/a>\n\t\t\t<\/dt><\/dl><br style=\"clear: both\" \/>\n\t\t<\/div>\n\n<div id=\"c270\">\n<div class=\"image-header-0 image-beside-left image-beside\">\n<div class=\"text\">\n<h1 class=\"first-headline\">Pozv\u00e1nka na v\u00fdstavu Bien\u00e1le divadelnej fotografie 2014<\/h1>\n<p>Divadeln\u00fd \u00fastav a Katedra fotografie a nov\u00fdch m\u00e9di\u00ed Vysokej \u0161koly v\u00fdtvarn\u00fdch umen\u00ed v Bratislave poz\u00fdvaj\u00fa na sl\u00e1vnostn\u00e9 otvorenie v\u00fdstavy Bien\u00e1le divadelnej fotografie 2014. Vernis\u00e1\u017e sa uskuto\u010dn\u00ed v utorok 7. okt\u00f3bra 2014 o 17:00 hod v Dvorane Ministerstva kult\u00fary Slovenskej republiky.<\/p>\n<p>S\u00fa\u010das\u0165ou vernis\u00e1\u017ee bude aj vyhl\u00e1senie laure\u00e1tov s\u00fa\u0165a\u017ee Bien\u00e1le divadelnej fotografie a odovdz\u00e1vanie cien<\/p>\n<ul>\n<li>Grand Prix Bien\u00e1le divadelnej fotografie 2014<\/li>\n<li>\u0160peci\u00e1lna cena pre divadlo za s\u00fabor fotografi\u00ed, ktor\u00e9 s\u00fa najreprezentat\u00edvnej\u0161ie z h\u013eadiska dokument\u00e1cie<\/li>\n<li>\u0160tudentsk\u00e1 cena Bien\u00e1le divadelnej fotografie 2014<\/li>\n<\/ul>\n\n\t\t<style type=\"text\/css\">\n\t\t\t#gallery-2 {\n\t\t\t\tmargin: auto;\n\t\t\t}\n\t\t\t#gallery-2 .gallery-item {\n\t\t\t\tfloat: left;\n\t\t\t\tmargin-top: 10px;\n\t\t\t\ttext-align: center;\n\t\t\t\twidth: 100%;\n\t\t\t}\n\t\t\t#gallery-2 img {\n\t\t\t\tborder: 2px solid #cfcfcf;\n\t\t\t}\n\t\t\t#gallery-2 .gallery-caption {\n\t\t\t\tmargin-left: 0;\n\t\t\t}\n\t\t\t\/* see gallery_shortcode() in wp-includes\/media.php *\/\n\t\t<\/style>\n\t\t<div id='gallery-2' class='gallery galleryid-1484 gallery-columns-1 gallery-size-large'><dl class='gallery-item'>\n\t\t\t<dt class='gallery-icon landscape'>\n\t\t\t\t<a data-rel=\"iLightbox[postimages]\" data-title=\"\" data-caption=\"\" href='https:\/\/monitoring.patlevic.sk\/wp-content\/uploads\/2014\/10\/csm_pozvanka_3f0b8e5d55.jpg'><img decoding=\"async\" width=\"1024\" height=\"488\" src=\"https:\/\/monitoring.patlevic.sk\/wp-content\/uploads\/2014\/10\/csm_pozvanka_3f0b8e5d55-1024x488.jpg\" class=\"attachment-large size-large lazyload\" alt=\"\" srcset=\"data:image\/svg+xml,%3Csvg%20xmlns%3D%27http%3A%2F%2Fwww.w3.org%2F2000%2Fsvg%27%20width%3D%271140%27%20height%3D%27543%27%20viewBox%3D%270%200%201140%20543%27%3E%3Crect%20width%3D%271140%27%20height%3D%27543%27%20fill-opacity%3D%220%22%2F%3E%3C%2Fsvg%3E\" data-orig-src=\"https:\/\/monitoring.patlevic.sk\/wp-content\/uploads\/2014\/10\/csm_pozvanka_3f0b8e5d55-1024x488.jpg\" data-srcset=\"https:\/\/monitoring.patlevic.sk\/wp-content\/uploads\/2014\/10\/csm_pozvanka_3f0b8e5d55-200x95.jpg 200w, https:\/\/monitoring.patlevic.sk\/wp-content\/uploads\/2014\/10\/csm_pozvanka_3f0b8e5d55-300x143.jpg 300w, https:\/\/monitoring.patlevic.sk\/wp-content\/uploads\/2014\/10\/csm_pozvanka_3f0b8e5d55-400x191.jpg 400w, https:\/\/monitoring.patlevic.sk\/wp-content\/uploads\/2014\/10\/csm_pozvanka_3f0b8e5d55-600x286.jpg 600w, https:\/\/monitoring.patlevic.sk\/wp-content\/uploads\/2014\/10\/csm_pozvanka_3f0b8e5d55-768x366.jpg 768w, https:\/\/monitoring.patlevic.sk\/wp-content\/uploads\/2014\/10\/csm_pozvanka_3f0b8e5d55-800x381.jpg 800w, https:\/\/monitoring.patlevic.sk\/wp-content\/uploads\/2014\/10\/csm_pozvanka_3f0b8e5d55-1024x488.jpg 1024w, https:\/\/monitoring.patlevic.sk\/wp-content\/uploads\/2014\/10\/csm_pozvanka_3f0b8e5d55.jpg 1140w\" data-sizes=\"auto\" \/><\/a>\n\t\t\t<\/dt><\/dl><br style=\"clear: both\" \/>\n\t\t<\/div>\n<\/div>\n<\/div>\n<\/div>\n<div id=\"c271\">\n<div class=\"image-center image-above\">\n<div class=\"image-wrap\">\n<div class=\"image-center-outer\"><\/div>\n<\/div>\n<\/div>\n<\/div>\n<\/div><\/div><style type=\"text\/css\">.fusion-body .fusion-builder-column-0{width:100% !important;margin-top : 0px;margin-bottom : 0px;}.fusion-builder-column-0 > .fusion-column-wrapper {padding-top : 0px !important;padding-right : 0px !important;margin-right : 1.92%;padding-bottom : 0px !important;padding-left : 0px !important;margin-left : 1.92%;}@media only screen and (max-width:1024px) {.fusion-body .fusion-builder-column-0{width:100% !important;}.fusion-builder-column-0 > .fusion-column-wrapper {margin-right : 1.92%;margin-left : 1.92%;}}@media only screen and (max-width:640px) {.fusion-body .fusion-builder-column-0{width:100% !important;}.fusion-builder-column-0 > .fusion-column-wrapper {margin-right : 1.92%;margin-left : 1.92%;}}<\/style><\/div><\/div><style type=\"text\/css\">.fusion-body .fusion-flex-container.fusion-builder-row-1{ padding-top : 0px;margin-top : 0px;padding-right : 0px;padding-bottom : 0px;margin-bottom : 0px;padding-left : 0px;}<\/style><\/div>\n","protected":false},"excerpt":{"rendered":"<p>Divadeln\u00fd \u00fastav a Katedra fotografie a nov\u00fdch m\u00e9di\u00ed Vysokej \u0161koly v\u00fdtvarn\u00fdch umen\u00ed v Bratislave poz\u00fdvaj\u00fa na sl\u00e1vnostn\u00e9 otvorenie v\u00fdstavy Bien\u00e1le divadelnej fotografie 2014. Vernis\u00e1\u017e sa uskuto\u010dn\u00ed v utorok 7. okt\u00f3bra 2014 o 17:00 hod v Dvorane Ministerstva kult\u00fary Slovenskej republiky.<\/p>\n","protected":false},"author":1,"featured_media":0,"comment_status":"open","ping_status":"closed","sticky":false,"template":"","format":"standard","meta":{"footnotes":"","_links_to":"","_links_to_target":""},"categories":[108],"tags":[],"class_list":["post-1484","post","type-post","status-publish","format-standard","hentry","category-aktuality"],"_links":{"self":[{"href":"https:\/\/monitoring.patlevic.sk\/index.php?rest_route=\/wp\/v2\/posts\/1484","targetHints":{"allow":["GET"]}}],"collection":[{"href":"https:\/\/monitoring.patlevic.sk\/index.php?rest_route=\/wp\/v2\/posts"}],"about":[{"href":"https:\/\/monitoring.patlevic.sk\/index.php?rest_route=\/wp\/v2\/types\/post"}],"author":[{"embeddable":true,"href":"https:\/\/monitoring.patlevic.sk\/index.php?rest_route=\/wp\/v2\/users\/1"}],"replies":[{"embeddable":true,"href":"https:\/\/monitoring.patlevic.sk\/index.php?rest_route=%2Fwp%2Fv2%2Fcomments&post=1484"}],"version-history":[{"count":4,"href":"https:\/\/monitoring.patlevic.sk\/index.php?rest_route=\/wp\/v2\/posts\/1484\/revisions"}],"predecessor-version":[{"id":4507,"href":"https:\/\/monitoring.patlevic.sk\/index.php?rest_route=\/wp\/v2\/posts\/1484\/revisions\/4507"}],"wp:attachment":[{"href":"https:\/\/monitoring.patlevic.sk\/index.php?rest_route=%2Fwp%2Fv2%2Fmedia&parent=1484"}],"wp:term":[{"taxonomy":"category","embeddable":true,"href":"https:\/\/monitoring.patlevic.sk\/index.php?rest_route=%2Fwp%2Fv2%2Fcategories&post=1484"},{"taxonomy":"post_tag","embeddable":true,"href":"https:\/\/monitoring.patlevic.sk\/index.php?rest_route=%2Fwp%2Fv2%2Ftags&post=1484"}],"curies":[{"name":"wp","href":"https:\/\/api.w.org\/{rel}","templated":true}]}}